{"id":15006,"date":"2011-05-09T00:00:00","date_gmt":"2011-05-08T22:00:00","guid":{"rendered":"https:\/\/master.greenpeace.ch\/beitrag\/15006\/akw-abschaltung-und-neue-probleme-in-japan\/"},"modified":"2019-05-30T12:49:18","modified_gmt":"2019-05-30T10:49:18","slug":"akw-abschaltung-und-neue-probleme-in-japan","status":"publish","type":"post","link":"https:\/\/www.greenpeace.ch\/de\/story\/15006\/akw-abschaltung-und-neue-probleme-in-japan\/","title":{"rendered":"AKW-Abschaltung und neue Probleme in Japan"},"content":{"rendered":"<p><b><\/b><\/p>\n<div class=\"post-content\">\n<div>\n\t<!-- START DYNAMIC CONTENT --><\/p>\n<div class=\"events-box middle-box left\">\n<div class=\"frame\">\n        <a class=\"open-img EnlargeImage\" href=\"\/switzerland\/Global\/switzerland\/photos\/nuclear\/2011\/107673540.JPG\" title=\"Nicht nur das AKW Fukushima sorgt in Japan f\u00fcr Probleme.\"><br \/>\n            <img decoding=\"async\" id=\"ctl00_cphContentArea_epiEntryContent_ctl00_ctl02_Image1\" title=\"Nicht nur das AKW Fukushima sorgt in Japan f\u00fcr Probleme.\" class=\"Thumbnail\" src=\"https:\/\/www.greenpeace.ch\/static\/planet4-switzerland-stateless\/2019\/05\/b486dbba-b486dbba-107673540.jpg\" alt=\"Nicht nur das AKW Fukushima sorgt in Japan f\u00fcr Probleme.\" style=\"border-width:0px;\"><\/p>\n<p>        <\/a>\n    <\/div>\n<div class=\"events-content\">\n        <span class=\"date\"><\/span><br \/>\n        <strong>Nicht nur das AKW Fukushima sorgt in Japan f\u00fcr Probleme.<\/strong><\/p>\n<p>\n            \u00a9 Keystone\n        <\/p>\n<\/p>\n<\/div>\n<\/div>\n<p><!-- END DYNAMIC CONTENT --><\/p>\n<p><strong>Auf Betreiben der Regierung wird der japanische AKW-Betreiber Chubu Electric Power die erdbebengef\u00e4hrdeten Reaktoren in Hamaoka abschalten. In anderen AKW des Landes gab es neue Probleme.\u00a0 <\/strong><\/p>\n<p>Premierminister Naoto Kan hat vergangene Woche die Abschaltung der zwei noch laufenden Reaktoren von Hamaoka gefordert. Gem\u00e4ss einer Regierungsstudie besteht eine 87%-Wahrscheinlichkeit, dass in den n\u00e4chsten 30 Jahren ein Erdbeben der St\u00e4rke 8 die Region ersch\u00fcttert. Aufgrund einer tektonischen Verwerfung gilt die Anlage Hamaoka mit f\u00fcnf Reaktoren als eine der gef\u00e4hrdetsten des Landes. Das AKW liegt zudem 200 Kilometer s\u00fcdwestlich von Tokio. Im Falle einer Havarie z\u00f6ge der Wind in Richtung Hauptstadt. Erst wenn der Betreiber von Hamaoka eine h\u00f6here Tsunami-Schutzwand errichtet und andere Nachr\u00fcstungen vorgenommen hat, soll die Anlage wieder in Betrieb gehen d\u00fcrfen.<\/p>\n<p>Aufgrund erh\u00f6hter Radioaktivit\u00e4tswerte muss auch ein Reaktor in der Anlage Tsuruga in der Provinz Fukui heruntergefahren werden. Im K\u00fchlwasser der Brennst\u00e4be wurden erh\u00f6hte Xenon- und Jodwerte gemessen, die auf eine Besch\u00e4digung der Brennstabumh\u00fcllung hindeuten. Ausserhalb der Anlage scheinen die Radioaktivit\u00e4tswerte normal. Der Betreiber Japan Atomic Power will zun\u00e4chst seine Messungen intensivieren, um abzukl\u00e4ren, wodurch der Radioaktivit\u00e4tsaustritt verursacht wurde.<\/p>\n<p>In der weltweit gr\u00f6ssten Atomanlage im japanischen Kashiwazaki-Kariwa gab es zudem ein Problem mit einem kaputten Ventil. Nach Angaben des Betreibers Tepco dient das Ventil im Notfall zur K\u00fchlung. In der Atomanlage mit sieben Reaktoren gab es bereits 2007 nach einem Erdbeben massive Probleme, bei denen aus einem Leck radioaktives Wasser ins Meer floss.<\/p>\n<p>In Tokio protestierten am Samstag erneut mehrere tausend Menschen gegen die Nutzung der Atomenergie und f\u00fcr eine Wende in der Energiepolitik. Die Stilllegung von Hamaoka haben am Sonntag vor dem Sitz von Chubu Electric rund tausend Menschen gefordert. <\/p>\n<\/div>\n<\/div>\n","protected":false},"excerpt":{"rendered":"<p>Nicht nur das AKW Fukushima sorgt in Japan f\u00fcr Probleme. \u00a9 Keystone Auf Betreiben der Regierung wird der japanische AKW-Betreiber Chubu Electric Power die erdbebengef\u00e4hrdeten Reaktoren in Hamaoka abschalten. In&hellip;<\/p>\n","protected":false},"author":23,"featured_media":14338,"comment_status":"closed","ping_status":"open","sticky":false,"template":"","format":"standard","meta":{"_acf_changed":false,"_planet4_optimize_post_is_variant":false,"_planet4_optimize_experiment_name":"","_planet4_optimize_variant_name":"","ep_exclude_from_search":false,"p4_og_title":"","p4_og_description":"","p4_og_image":"","p4_og_image_id":"","p4_seo_canonical_url":"","p4_campaign_name":"","p4_local_project":"","p4_basket_name":"","p4_department":"","footnotes":""},"categories":[1],"tags":[42],"p4-page-type":[75],"gpch-article-type":[],"class_list":["post-15006","post","type-post","status-publish","format-standard","has-post-thumbnail","hentry","category-unkategorisiert","tag-energie","p4-page-type-story"],"acf":[],"_links":{"self":[{"href":"https:\/\/www.greenpeace.ch\/de\/wp-json\/wp\/v2\/posts\/15006","targetHints":{"allow":["GET"]}}],"collection":[{"href":"https:\/\/www.greenpeace.ch\/de\/wp-json\/wp\/v2\/posts"}],"about":[{"href":"https:\/\/www.greenpeace.ch\/de\/wp-json\/wp\/v2\/types\/post"}],"author":[{"embeddable":true,"href":"https:\/\/www.greenpeace.ch\/de\/wp-json\/wp\/v2\/users\/23"}],"replies":[{"embeddable":true,"href":"https:\/\/www.greenpeace.ch\/de\/wp-json\/wp\/v2\/comments?post=15006"}],"version-history":[{"count":0,"href":"https:\/\/www.greenpeace.ch\/de\/wp-json\/wp\/v2\/posts\/15006\/revisions"}],"wp:featuredmedia":[{"embeddable":true,"href":"https:\/\/www.greenpeace.ch\/de\/wp-json\/wp\/v2\/media\/14338"}],"wp:attachment":[{"href":"https:\/\/www.greenpeace.ch\/de\/wp-json\/wp\/v2\/media?parent=15006"}],"wp:term":[{"taxonomy":"category","embeddable":true,"href":"https:\/\/www.greenpeace.ch\/de\/wp-json\/wp\/v2\/categories?post=15006"},{"taxonomy":"post_tag","embeddable":true,"href":"https:\/\/www.greenpeace.ch\/de\/wp-json\/wp\/v2\/tags?post=15006"},{"taxonomy":"p4-page-type","embeddable":true,"href":"https:\/\/www.greenpeace.ch\/de\/wp-json\/wp\/v2\/p4-page-type?post=15006"},{"taxonomy":"gpch-article-type","embeddable":true,"href":"https:\/\/www.greenpeace.ch\/de\/wp-json\/wp\/v2\/gpch-article-type?post=15006"}],"curies":[{"name":"wp","href":"https:\/\/api.w.org\/{rel}","templated":true}]}}