{"id":15009,"date":"2011-04-28T00:00:00","date_gmt":"2011-04-27T22:00:00","guid":{"rendered":"https:\/\/master.greenpeace.ch\/beitrag\/15009\/greenpeace-darf-vor-der-kueste-japans-keine-messungen-durchfuehren\/"},"modified":"2019-05-30T12:49:23","modified_gmt":"2019-05-30T10:49:23","slug":"greenpeace-darf-vor-der-kueste-japans-keine-messungen-durchfuehren","status":"publish","type":"post","link":"https:\/\/www.greenpeace.ch\/de\/story\/15009\/greenpeace-darf-vor-der-kueste-japans-keine-messungen-durchfuehren\/","title":{"rendered":"Greenpeace darf vor der K\u00fcste Japans keine Messungen durchf\u00fchren"},"content":{"rendered":"<p><b>Das Greenpeace Schiff \u00abRainbow Warrior\u00bb ist unterwegs in die Gew\u00e4sser vor Fukushima, um dort unabh\u00e4ngige Messungen vorzunehmen. Die japanische Regierung hat nun einen Riegel vorgeschoben und Messungen innerhalb der 12 Meilen-Zone vor der K\u00fcste verboten.<\/b><\/p>\n<div class=\"post-content\">\n<div>\n\t<!-- p { margin-bottom: 0.21cm; } --><\/p>\n<p style=\"margin-bottom: 0cm;\"><strong><img decoding=\"async\" style=\"float: left; margin-left: 5px; margin-right: 5px;\" src=\"https:\/\/www.greenpeace.ch\/static\/planet4-switzerland-stateless\/2019\/05\/1a5557f9-1a5557f9-22059_42039.jpg\" alt=\"\" width=\"250\">Das Greenpeace Schiff \u00abRainbow Warrior\u00bb ist unterwegs in die Gew\u00e4sser vor Fukushima, um dort unabh\u00e4ngige Messungen vorzunehmen. Die japanische Regierung hat nun einen Riegel vorgeschoben und Messungen innerhalb der 12 Meilen-Zone vor der K\u00fcste verboten. <\/strong><\/p>\n<p style=\"margin-bottom: 0cm;\">Die \u00abRainbow Warrior\u00bb ist heute vor Tokyo eingetroffen, um unabh\u00e4ngige Messungen des Meeres und der Meereslebewesen vor Fukushima I vorzunehmen.<\/p>\n<p style=\"margin-bottom: 0cm;\">\u00abAus dem Reaktor von Fukushima l\u00e4uft kontinuierlich radioaktiv verseuchtes Wasser in das Meer. Die Rainbow Warrior ist nach Japan gekommen, um das Expertenteam von Greenpeace, das bereits Messungen an Land vornimmt, zu erg\u00e4nzen und unterst\u00fctzen\u00bb, sagt Greenpeace Atomexperte Ike Teuling.<\/p>\n<p style=\"margin-bottom: 0cm;\">Die japanische Regierung hat sich nun geweigert Greenpeace eine Bewilligung f\u00fcr die wichtigen Messungen in der 12-Meilen-Zone vor Fukushima zu gew\u00e4hren. Dies obwohl Greenpeace vorg\u00e4ngig einen detaillierten Forschungsplan an die japanische Nahrungs- und Landwirtschaftsbeh\u00f6rde geschickt hat. Das Papier enth\u00e4lt unter anderem Pl\u00e4ne f\u00fcr Messungen, welche die Regierung bisher selber nicht durchgef\u00fchrt hat.<\/p>\n<p style=\"margin-bottom: 0cm;\"><strong><a href=\"http:\/\/www.greenpeace.org\/switzerland\/de\/Kampagnen\/Stromzukunft-Schweiz\/Atomstrom\/Sicherheit-und-Gesundheit\/Nukleare-Katastrophe-in-Japan\/\" target=\"_self\" rel=\"noopener noreferrer\">Die atomare Katastrophe in Fukushima<\/a><\/strong> hat vor beinahe 2 Monaten begonnen. Noch immer informiert die Regierung z\u00f6gerlich und es werden nicht gen\u00fcgend Massnahmen getroffen, um die japanische Bev\u00f6lkerung vor den Risiken der atomaren Verseuchung zu sch\u00fctzen.<\/p>\n<\/div>\n<\/div>\n","protected":false},"excerpt":{"rendered":"<p>Das Greenpeace Schiff \u00abRainbow Warrior\u00bb ist unterwegs in die Gew\u00e4sser vor Fukushima, um dort unabh\u00e4ngige Messungen vorzunehmen. Die japanische Regierung hat nun einen Riegel vorgeschoben und Messungen innerhalb der 12&hellip;<\/p>\n","protected":false},"author":23,"featured_media":15011,"comment_status":"closed","ping_status":"open","sticky":false,"template":"","format":"standard","meta":{"_acf_changed":false,"_planet4_optimize_post_is_variant":false,"_planet4_optimize_experiment_name":"","_planet4_optimize_variant_name":"","ep_exclude_from_search":false,"p4_og_title":"","p4_og_description":"","p4_og_image":"","p4_og_image_id":"","p4_seo_canonical_url":"","p4_campaign_name":"","p4_local_project":"","p4_basket_name":"","p4_department":"","footnotes":""},"categories":[1],"tags":[32],"p4-page-type":[75],"gpch-article-type":[],"class_list":["post-15009","post","type-post","status-publish","format-standard","has-post-thumbnail","hentry","category-unkategorisiert","tag-flotte","p4-page-type-story"],"acf":[],"_links":{"self":[{"href":"https:\/\/www.greenpeace.ch\/de\/wp-json\/wp\/v2\/posts\/15009","targetHints":{"allow":["GET"]}}],"collection":[{"href":"https:\/\/www.greenpeace.ch\/de\/wp-json\/wp\/v2\/posts"}],"about":[{"href":"https:\/\/www.greenpeace.ch\/de\/wp-json\/wp\/v2\/types\/post"}],"author":[{"embeddable":true,"href":"https:\/\/www.greenpeace.ch\/de\/wp-json\/wp\/v2\/users\/23"}],"replies":[{"embeddable":true,"href":"https:\/\/www.greenpeace.ch\/de\/wp-json\/wp\/v2\/comments?post=15009"}],"version-history":[{"count":0,"href":"https:\/\/www.greenpeace.ch\/de\/wp-json\/wp\/v2\/posts\/15009\/revisions"}],"wp:featuredmedia":[{"embeddable":true,"href":"https:\/\/www.greenpeace.ch\/de\/wp-json\/wp\/v2\/media\/15011"}],"wp:attachment":[{"href":"https:\/\/www.greenpeace.ch\/de\/wp-json\/wp\/v2\/media?parent=15009"}],"wp:term":[{"taxonomy":"category","embeddable":true,"href":"https:\/\/www.greenpeace.ch\/de\/wp-json\/wp\/v2\/categories?post=15009"},{"taxonomy":"post_tag","embeddable":true,"href":"https:\/\/www.greenpeace.ch\/de\/wp-json\/wp\/v2\/tags?post=15009"},{"taxonomy":"p4-page-type","embeddable":true,"href":"https:\/\/www.greenpeace.ch\/de\/wp-json\/wp\/v2\/p4-page-type?post=15009"},{"taxonomy":"gpch-article-type","embeddable":true,"href":"https:\/\/www.greenpeace.ch\/de\/wp-json\/wp\/v2\/gpch-article-type?post=15009"}],"curies":[{"name":"wp","href":"https:\/\/api.w.org\/{rel}","templated":true}]}}