{"id":15050,"date":"2011-04-06T00:00:00","date_gmt":"2011-04-05T22:00:00","guid":{"rendered":"https:\/\/master.greenpeace.ch\/beitrag\/15050\/radioaktiv-belastetes-gemuese-bei-minamisoma\/"},"modified":"2019-05-30T12:50:24","modified_gmt":"2019-05-30T10:50:24","slug":"radioaktiv-belastetes-gemuese-bei-minamisoma","status":"publish","type":"post","link":"https:\/\/www.greenpeace.ch\/de\/story\/15050\/radioaktiv-belastetes-gemuese-bei-minamisoma\/","title":{"rendered":"Radioaktiv belastetes Gem\u00fcse bei Minamisoma"},"content":{"rendered":"<p><b><\/b><\/p>\n<div class=\"post-content\">\n<div>\n\t<!-- START DYNAMIC CONTENT --> <!-- END DYNAMIC CONTENT --><!-- START DYNAMIC CONTENT --> <!-- END DYNAMIC CONTENT --><\/p>\n<p><!-- START DYNAMIC CONTENT --><\/p>\n<div class=\"events-box small-box left\">\n<div class=\"frame\">\n        <a class=\"open-img EnlargeImage\" href=\"https:\/\/www.greenpeace.ch\/static\/planet4-switzerland-stateless\/2019\/05\/5ceae657-5ceae657-minamisoma.jpg\" title=\"Verstrahltes Gem\u00fcse bei Minamisoma\"><br \/>\n            <img decoding=\"async\" id=\"ctl00_cphContentArea_epiEntryContent_ctl00_ctl02_Image1\" title=\"Verstrahltes Gem\u00fcse bei Minamisoma\" class=\"Thumbnail\" src=\"https:\/\/www.greenpeace.ch\/static\/planet4-switzerland-stateless\/2019\/05\/5ceae657-5ceae657-minamisoma.jpg\" alt=\"Verstrahltes Gem\u00fcse bei Minamisoma\" style=\"border-width:0px;\"><\/p>\n<p>        <\/a>\n    <\/div>\n<div class=\"events-content\">\n        <span class=\"date\"><\/span><br \/>\n        <strong>Verstrahltes Gem\u00fcse bei Minamisoma<\/strong><\/p>\n<p>\n            Verstrahltes Gem\u00fcse bei Minamisoma\n        <\/p>\n<\/p>\n<\/div>\n<\/div>\n<p> <!-- END DYNAMIC CONTENT -->Strahlenexperten von Greenpeace haben erneut ausserhalb der Evakuierungszone um Fukushima erh\u00f6hte Strahlenwerte gemessen. In G\u00e4rten der Stadt Minamisoma fanden sie stark radioaktiv belastetes Gem\u00fcse. Der B\u00fcrgermeister der Stadt zeigte sich frustriert \u00fcber die Informationspolitik von TEPCO und den japanischen Beh\u00f6rden.<\/p>\n<p>Die radioaktive Belastung von Spinat in einem der G\u00e4rten von Minamisoma lag bei 70 -80.000 Bq\/kg und damit weit \u00fcber den japanischen Grenzwerten. Die Besitzerin des Gartens sagte dem Greenpeace-Team, sie habe von den Beh\u00f6rden keinerlei Informationen zu den Gefahren bekommen, die die Strahlenbelastung f\u00fcr ihr Gem\u00fcse bedeute.<\/p>\n<p>Auch der B\u00fcrgermeister von Minamisoma, Katsunobu Sakurai, klagte \u00fcber die d\u00fcrftige Informationspolitik der Beh\u00f6rden. Weder von TEPCO noch von den Beh\u00f6rden bek\u00e4men die Menschen verl\u00e4ssliche Hinweise auf die Gefahren durch die Strahlung oder wie sie sich verhalten sollen. Noch immer werden sie lediglich angewiesen, in ihren H\u00e4usern zu bleiben oder das Gebiet freiwillig zu verlassen.<\/p>\n<p>Auch beim Dorf Tsushima in 30 Kilometer Entfernung von Fukushima fand das Greenpeace-Team erh\u00f6hte Strahlenwerte von 47 Mikrosievert pro Stunde. Bei solchen Werten bekommt ein Mensch die erlaubte Jahresdosis innerhalb eines Tages ab.<\/p>\n<p>Greenpeace hat die japanischen Beh\u00f6rden erneut aufgefordert, Menschen auch ausserhalb der 20-Kilometer-Zone zu evakuieren, wenn sie dort einer erh\u00f6hten Strahlung ausgesetzt sind.<\/p>\n<\/div>\n<\/div>\n","protected":false},"excerpt":{"rendered":"<p>Verstrahltes Gem\u00fcse bei Minamisoma Verstrahltes Gem\u00fcse bei Minamisoma Strahlenexperten von Greenpeace haben erneut ausserhalb der Evakuierungszone um Fukushima erh\u00f6hte Strahlenwerte gemessen. In G\u00e4rten der Stadt Minamisoma fanden sie stark radioaktiv&hellip;<\/p>\n","protected":false},"author":23,"featured_media":15052,"comment_status":"closed","ping_status":"open","sticky":false,"template":"","format":"standard","meta":{"_acf_changed":false,"_planet4_optimize_post_is_variant":false,"_planet4_optimize_experiment_name":"","_planet4_optimize_variant_name":"","ep_exclude_from_search":false,"p4_og_title":"","p4_og_description":"","p4_og_image":"","p4_og_image_id":"","p4_seo_canonical_url":"","p4_campaign_name":"","p4_local_project":"","p4_basket_name":"","p4_department":"","footnotes":""},"categories":[1],"tags":[],"p4-page-type":[75],"gpch-article-type":[],"class_list":["post-15050","post","type-post","status-publish","format-standard","has-post-thumbnail","hentry","category-unkategorisiert","p4-page-type-story"],"acf":[],"_links":{"self":[{"href":"https:\/\/www.greenpeace.ch\/de\/wp-json\/wp\/v2\/posts\/15050","targetHints":{"allow":["GET"]}}],"collection":[{"href":"https:\/\/www.greenpeace.ch\/de\/wp-json\/wp\/v2\/posts"}],"about":[{"href":"https:\/\/www.greenpeace.ch\/de\/wp-json\/wp\/v2\/types\/post"}],"author":[{"embeddable":true,"href":"https:\/\/www.greenpeace.ch\/de\/wp-json\/wp\/v2\/users\/23"}],"replies":[{"embeddable":true,"href":"https:\/\/www.greenpeace.ch\/de\/wp-json\/wp\/v2\/comments?post=15050"}],"version-history":[{"count":0,"href":"https:\/\/www.greenpeace.ch\/de\/wp-json\/wp\/v2\/posts\/15050\/revisions"}],"wp:featuredmedia":[{"embeddable":true,"href":"https:\/\/www.greenpeace.ch\/de\/wp-json\/wp\/v2\/media\/15052"}],"wp:attachment":[{"href":"https:\/\/www.greenpeace.ch\/de\/wp-json\/wp\/v2\/media?parent=15050"}],"wp:term":[{"taxonomy":"category","embeddable":true,"href":"https:\/\/www.greenpeace.ch\/de\/wp-json\/wp\/v2\/categories?post=15050"},{"taxonomy":"post_tag","embeddable":true,"href":"https:\/\/www.greenpeace.ch\/de\/wp-json\/wp\/v2\/tags?post=15050"},{"taxonomy":"p4-page-type","embeddable":true,"href":"https:\/\/www.greenpeace.ch\/de\/wp-json\/wp\/v2\/p4-page-type?post=15050"},{"taxonomy":"gpch-article-type","embeddable":true,"href":"https:\/\/www.greenpeace.ch\/de\/wp-json\/wp\/v2\/gpch-article-type?post=15050"}],"curies":[{"name":"wp","href":"https:\/\/api.w.org\/{rel}","templated":true}]}}