{"id":15062,"date":"2011-04-04T00:00:00","date_gmt":"2011-04-03T22:00:00","guid":{"rendered":"https:\/\/master.greenpeace.ch\/beitrag\/15062\/greenpeace-schickt-weitere-experten-nach-japan\/"},"modified":"2019-05-30T12:50:40","modified_gmt":"2019-05-30T10:50:40","slug":"greenpeace-schickt-weitere-experten-nach-japan","status":"publish","type":"post","link":"https:\/\/www.greenpeace.ch\/de\/story\/15062\/greenpeace-schickt-weitere-experten-nach-japan\/","title":{"rendered":"Greenpeace schickt weitere Experten nach Japan"},"content":{"rendered":"<p><b>Ein zweites Team von Strahlenxperten von Greenpeace soll die radioaktive Verseuchung rund um das havarierte AKW Fukushima untersuchen. Gem\u00fcse- und Milchproben sollen Aufschluss dazu geben, wie stark die Gesundheit der ans\u00e4ssigen Bev\u00f6lkerung bedroht ist.<\/b><\/p>\n<div class=\"post-content\">\n<div>\n<p>Ein zweites Team von Strahlenxperten von Greenpeace soll die radioaktive Verseuchung rund um das havarierte AKW Fukushima untersuchen. Gem\u00fcse- und Milchproben sollen Aufschluss dazu geben, wie stark die Gesundheit der ans\u00e4ssigen Bev\u00f6lkerung bedroht ist.<\/p>\n<p>Vergangene Woche hatte Greenpeace die Japanische Regierung aufgefordert, die offizielle Evakuierungszone auszudehnen. Dies nachdem sich die offiziellen Befunde best\u00e4tigt hatten,\u00a0 wonach die Menschen im Dorft Iitate innert nur weniger Tage die Jahresdosis an radioaktiver Verstrahlung erhalten.<\/p>\n<p>\u00abWir hoffen mit unserer Arbeit unabh\u00e4ngige Analysen zur Verf\u00fcgung stellen und der betroffenen Bev\u00f6lkerung klare Handlungsempfehlungen geben zu k\u00f6nnen\u00bb sagt Rianne Teule, Strahlenexpertin von Greenpeace International. \u00abEs ist dringend n\u00f6tig, die Menschen hier zu informieren und ihnen eine Stimme zu geben. Dies erschwert es den Betreibern, der Regierung und der Atomindustrie die Folgen dieser AKW-Katastrophe herunterspielen.\u00bb <\/p>\n<\/div>\n<\/div>\n","protected":false},"excerpt":{"rendered":"<p>Ein zweites Team von Strahlenxperten von Greenpeace soll die radioaktive Verseuchung rund um das havarierte AKW Fukushima untersuchen. Gem\u00fcse- und Milchproben sollen Aufschluss dazu geben, wie stark die Gesundheit der&hellip;<\/p>\n","protected":false},"author":23,"featured_media":0,"comment_status":"closed","ping_status":"open","sticky":false,"template":"","format":"standard","meta":{"_acf_changed":false,"_planet4_optimize_post_is_variant":false,"_planet4_optimize_experiment_name":"","_planet4_optimize_variant_name":"","ep_exclude_from_search":false,"p4_og_title":"","p4_og_description":"","p4_og_image":"","p4_og_image_id":"","p4_seo_canonical_url":"","p4_campaign_name":"","p4_local_project":"","p4_basket_name":"","p4_department":"","footnotes":""},"categories":[1],"tags":[42],"p4-page-type":[75],"gpch-article-type":[],"class_list":["post-15062","post","type-post","status-publish","format-standard","hentry","category-unkategorisiert","tag-energie","p4-page-type-story"],"acf":[],"_links":{"self":[{"href":"https:\/\/www.greenpeace.ch\/de\/wp-json\/wp\/v2\/posts\/15062","targetHints":{"allow":["GET"]}}],"collection":[{"href":"https:\/\/www.greenpeace.ch\/de\/wp-json\/wp\/v2\/posts"}],"about":[{"href":"https:\/\/www.greenpeace.ch\/de\/wp-json\/wp\/v2\/types\/post"}],"author":[{"embeddable":true,"href":"https:\/\/www.greenpeace.ch\/de\/wp-json\/wp\/v2\/users\/23"}],"replies":[{"embeddable":true,"href":"https:\/\/www.greenpeace.ch\/de\/wp-json\/wp\/v2\/comments?post=15062"}],"version-history":[{"count":0,"href":"https:\/\/www.greenpeace.ch\/de\/wp-json\/wp\/v2\/posts\/15062\/revisions"}],"wp:attachment":[{"href":"https:\/\/www.greenpeace.ch\/de\/wp-json\/wp\/v2\/media?parent=15062"}],"wp:term":[{"taxonomy":"category","embeddable":true,"href":"https:\/\/www.greenpeace.ch\/de\/wp-json\/wp\/v2\/categories?post=15062"},{"taxonomy":"post_tag","embeddable":true,"href":"https:\/\/www.greenpeace.ch\/de\/wp-json\/wp\/v2\/tags?post=15062"},{"taxonomy":"p4-page-type","embeddable":true,"href":"https:\/\/www.greenpeace.ch\/de\/wp-json\/wp\/v2\/p4-page-type?post=15062"},{"taxonomy":"gpch-article-type","embeddable":true,"href":"https:\/\/www.greenpeace.ch\/de\/wp-json\/wp\/v2\/gpch-article-type?post=15062"}],"curies":[{"name":"wp","href":"https:\/\/api.w.org\/{rel}","templated":true}]}}