{"id":15068,"date":"2011-03-30T00:00:00","date_gmt":"2011-03-29T22:00:00","guid":{"rendered":"https:\/\/master.greenpeace.ch\/beitrag\/15068\/unsere-forderungen\/"},"modified":"2019-05-30T12:51:03","modified_gmt":"2019-05-30T10:51:03","slug":"unsere-forderungen","status":"publish","type":"post","link":"https:\/\/www.greenpeace.ch\/de\/story\/15068\/unsere-forderungen\/","title":{"rendered":"Unsere Forderungen:"},"content":{"rendered":"<p><b><\/b><\/p>\n<div>\n<p><strong>Die atomare Katastrophe im Hochtechnologieland Japan hat uns vor Augen gef\u00fchrt, was Restrisiko bedeutet. Der Respekt vor den Opfern gebietet uns allen, die Folgen aus diesem schrecklichen Ereignis zu ziehen.<\/p>\n<p>Greenpeace hat sich stets klar gegen die zivile und milit\u00e4rische Nutzung der Atomkraft gestellt. Es handelt sich um eine Technologie, die nicht vollst\u00e4ndig beherrscht werden und zu Katastrophen verheerenden Ausmasses f\u00fchren kann. Greenpeace strebt deshalb den schnellstm\u00f6glichen Ausstieg aus der Atomkraft und den Umstieg auf erneuerbare Energien und Stromeffizienz an. <\/strong><\/p>\n<h4>Wir erwarten:<\/h4>\n<p><!-- INTRO BLOCK -->\n<\/p>\n<div class=\"box-holder\">\n<div class=\"box\">\n<div class=\"holder\">\n<div class=\"frame\">\n<div class=\"box-content\">\n<h2><span contenteditable=\"inherit\">1. Die sofortige Ausserbetriebnahme des Atomkraftwerks M\u00fcheberg<\/span><\/h2>\n<p>\n<class><\/class><\/div>\n<\/div>\n<\/div>\n<\/div>\n<\/div>\n<p><!-- INTRO BLOCK END --><\/p>\n<p><!-- START DYNAMIC CONTENT --><\/p>\n<\/p>\n<div class=\"events-box middle-box left\">\n<div class=\"frame\">\n        <a class=\"open-img EnlargeImage\" href=\"https:\/\/www.greenpeace.ch\/static\/planet4-switzerland-stateless\/2019\/05\/63393077-63393077-akw_001.jpg\" title=\"Greenpeace Aktion vom April 2011 am AKW M\u00fchleberg\"><br \/>\n            <img decoding=\"async\" id=\"ctl00_cphContentArea_Property3_ctl00_ctl04_Image1\" title=\"Greenpeace Aktion vom April 2011 am AKW M\u00fchleberg\" class=\"Thumbnail\" src=\"https:\/\/www.greenpeace.ch\/static\/planet4-switzerland-stateless\/2019\/05\/63393077-63393077-akw_001.jpg\" alt=\"Greenpeace Aktion vom April 2011 am AKW M\u00fchleberg\" style=\"border-width:0px;\"><\/p>\n<p>        <\/a>\n    <\/div>\n<div class=\"events-content\">\n        <span class=\"date\"><\/span><br \/>\n        <strong>Greenpeace Aktion vom April 2011 am AKW M\u00fchleberg<\/strong><\/p>\n<p>\n            \u00a9 Greenpeace \/ Jacob Balzani\n        <\/p>\n<\/p>\n<\/div>\n<\/div>\n<p><!-- END DYNAMIC CONTENT --><\/p>\n<p>Das Atomkraftwerk M\u00fchleberg geh\u00f6rt zum gleichen Typ wie die Reaktoren in Fukushima. Trotz Nachbesserungen aufgrund der Erfahrungen aus der Reaktorkatastrophe in Fukushima erf\u00fcllt das AKW wesentliche Sicherheitsanforderungen noch immer nicht \u2013 namentlich bei Erdbeben und Hochwasser. Die Atomaufsichtsbeh\u00f6rde ENSI l\u00e4sst sich blenden von Nachr\u00fcstungen im Schnellverfahren und akzeptiert etwa Hochwasser-Gutachten, die nicht dem aktuellen Stand der Kenntnis entsprechen. Es ist nicht tragbar, dass die M\u00fchleberg-Betreiberin BKW vom ENSI noch bis Ende M\u00e4rz 2012 Zeit f\u00fcr den Sicherheitsnachweis in diesem Bereich erhalten hat.<br \/>Nach wie vor nicht geregelt ist zudem die Behebung der <a href=\"http:\/\/angelisansichten.ch\/?p=2705\">Risse im Kernmantel<\/a> des M\u00fchleberg-Reaktors.<br \/>Greenpeace ist der Meinung, dass beim AKW M\u00fchleberg punkto Sicherheit nicht l\u00e4nger Toleranz ge\u00fcbt werden darf und hat das ENSI aufgefordert,\u00a0die Ausserbetriebnahme-Kriterien endlich korrekt anzuwenden und das AKW M\u00fchleberg stillzulegen.<\/p>\n<p><!-- START DYNAMIC CONTENT --><\/p>\n<p><!-- INTRO BLOCK -->\n<\/p>\n<div class=\"box-holder\">\n<div class=\"box\">\n<div class=\"holder\">\n<div class=\"frame\">\n<div class=\"box-content\">\n<h2><span contenteditable=\"inherit\">2. Eine konsequente Strompolitik auf der Basis von Erneuerbaren Energien und Energieeffizienz<\/span><\/h2>\n<p>\n<class><\/class><\/div>\n<\/div>\n<\/div>\n<\/div>\n<\/div>\n<p><!-- INTRO BLOCK END --><\/p>\n<p><!-- END DYNAMIC CONTENT --><\/p>\n<p><!-- START DYNAMIC CONTENT --><\/p>\n<\/p>\n<div class=\"events-box middle-box left\">\n<div class=\"frame\">\n        <a class=\"open-img EnlargeImage\" href=\"https:\/\/www.greenpeace.ch\/static\/planet4-switzerland-stateless\/2019\/05\/df395700-df395700-20110210_js_seewen_14.jpg\" title=\"Erneuerbare Energien m\u00fcssen politisch getragen und gef\u00f6rdert werden.\"><br \/>\n            <img decoding=\"async\" id=\"ctl00_cphContentArea_Property3_ctl00_ctl08_Image1\" title=\"Erneuerbare Energien m\u00fcssen politisch getragen und gef\u00f6rdert werden.\" class=\"Thumbnail\" src=\"https:\/\/www.greenpeace.ch\/static\/planet4-switzerland-stateless\/2019\/05\/df395700-df395700-20110210_js_seewen_14.jpg\" alt=\"Erneuerbare Energien m\u00fcssen politisch getragen und gef\u00f6rdert werden.\" style=\"border-width:0px;\"><\/p>\n<p>        <\/a>\n    <\/div>\n<div class=\"events-content\">\n        <span class=\"date\"><\/span><br \/>\n        <strong>Erneuerbare Energien m\u00fcssen politisch getragen und gef\u00f6rdert werden.<\/strong><\/p>\n<p>\n            \u00a9 Greenpeace \/ Fojtu\n        <\/p>\n<\/p>\n<\/div>\n<\/div>\n<p><!-- END DYNAMIC CONTENT --><\/p>\n<p>Nachdem Bundesrat und Parlament den Atomausstieg im Grundsatz beschlossen haben, muss die AKW-freie Energiezukunft der Schweiz jetzt ein Gesicht erhalten. Greenpeace\u00a0 wird daf\u00fcr sorgen, dass der Atomausstieg nicht zur reinen Absichterkl\u00e4rung verkommt, sondern die Energiewende tats\u00e4chlich eingeleitet wird. Bei der Erarbeitung der Energiestrategie 2050 des Bundes, an der Greenpeace zusammen mit anderen Umweltorganisationen mitwirkt, wird Greenpeace auf eine rigorose St\u00e4rkung der erneuerbaren Energieproduktion und die F\u00f6rderung dezidierter Energie-Effizienzmassnahmen dringen. Greenpeace fordert eine substantielle <a href=\"http:\/\/www.greenpeace.org\/switzerland\/de\/Kampagnen\/Stromzukunft-Schweiz\/Stromversorgung\/Politik\/KEV\/\">Erh\u00f6hung der kostendeckenden Einspeiseverg\u00fctung<\/a> sowie den <a href=\"http:\/\/www.greenpeace.org\/switzerland\/de\/Uber-uns\/Medienstelle\/News\/climate-change\/entwurf-ungenuegend-umweltverbaende-bringen-eigenen-vorschlag\/#a0\">Erlass von Gesetzen und Vorschriften<\/a> gegen die Stromverschwendung.<\/p>\n<\/div>\n","protected":false},"excerpt":{"rendered":"<p>Die atomare Katastrophe im Hochtechnologieland Japan hat uns vor Augen gef\u00fchrt, was Restrisiko bedeutet. Der Respekt vor den Opfern gebietet uns allen, die Folgen aus diesem schrecklichen Ereignis zu ziehen.&hellip;<\/p>\n","protected":false},"author":23,"featured_media":15070,"comment_status":"closed","ping_status":"open","sticky":false,"template":"","format":"standard","meta":{"_acf_changed":false,"_planet4_optimize_post_is_variant":false,"_planet4_optimize_experiment_name":"","_planet4_optimize_variant_name":"","ep_exclude_from_search":false,"p4_og_title":"","p4_og_description":"","p4_og_image":"","p4_og_image_id":"","p4_seo_canonical_url":"","p4_campaign_name":"","p4_local_project":"","p4_basket_name":"","p4_department":"","footnotes":""},"categories":[1],"tags":[],"p4-page-type":[75],"gpch-article-type":[],"class_list":["post-15068","post","type-post","status-publish","format-standard","has-post-thumbnail","hentry","category-unkategorisiert","p4-page-type-story"],"acf":[],"_links":{"self":[{"href":"https:\/\/www.greenpeace.ch\/de\/wp-json\/wp\/v2\/posts\/15068","targetHints":{"allow":["GET"]}}],"collection":[{"href":"https:\/\/www.greenpeace.ch\/de\/wp-json\/wp\/v2\/posts"}],"about":[{"href":"https:\/\/www.greenpeace.ch\/de\/wp-json\/wp\/v2\/types\/post"}],"author":[{"embeddable":true,"href":"https:\/\/www.greenpeace.ch\/de\/wp-json\/wp\/v2\/users\/23"}],"replies":[{"embeddable":true,"href":"https:\/\/www.greenpeace.ch\/de\/wp-json\/wp\/v2\/comments?post=15068"}],"version-history":[{"count":0,"href":"https:\/\/www.greenpeace.ch\/de\/wp-json\/wp\/v2\/posts\/15068\/revisions"}],"wp:featuredmedia":[{"embeddable":true,"href":"https:\/\/www.greenpeace.ch\/de\/wp-json\/wp\/v2\/media\/15070"}],"wp:attachment":[{"href":"https:\/\/www.greenpeace.ch\/de\/wp-json\/wp\/v2\/media?parent=15068"}],"wp:term":[{"taxonomy":"category","embeddable":true,"href":"https:\/\/www.greenpeace.ch\/de\/wp-json\/wp\/v2\/categories?post=15068"},{"taxonomy":"post_tag","embeddable":true,"href":"https:\/\/www.greenpeace.ch\/de\/wp-json\/wp\/v2\/tags?post=15068"},{"taxonomy":"p4-page-type","embeddable":true,"href":"https:\/\/www.greenpeace.ch\/de\/wp-json\/wp\/v2\/p4-page-type?post=15068"},{"taxonomy":"gpch-article-type","embeddable":true,"href":"https:\/\/www.greenpeace.ch\/de\/wp-json\/wp\/v2\/gpch-article-type?post=15068"}],"curies":[{"name":"wp","href":"https:\/\/api.w.org\/{rel}","templated":true}]}}