{"id":15075,"date":"2011-03-27T00:00:00","date_gmt":"2011-03-26T22:00:00","guid":{"rendered":"https:\/\/master.greenpeace.ch\/beitrag\/15075\/anti-atomkraft-demo-muenchen\/"},"modified":"2019-05-30T12:51:10","modified_gmt":"2019-05-30T10:51:10","slug":"anti-atomkraft-demo-muenchen","status":"publish","type":"post","link":"https:\/\/www.greenpeace.ch\/de\/story\/15075\/anti-atomkraft-demo-muenchen\/","title":{"rendered":"Anti-Atomkraft Demo M\u00fcnchen"},"content":{"rendered":"<p><b>Greenpeace Online-Campaignerin Andrea Rid war letzten Samtag in M\u00fcnchen an der Anti-Atom-Demo mit 40&#8217;000 Teilnehmerinnen und Teilnehmern dabei. Hier fasst sie dieses Erlebnis zusammen:<\/b><\/p>\n<div class=\"post-content\">\n<div>\n<p><em>Greenpeace Online-Campaignerin Andrea Rid war letzten Samtag in M\u00fcnchen an der Anti-Atom-Demo mit 40&#8217;000 Teilnehmerinnen und Teilnehmern dabei. Hier fasst sie dieses Erlebnis zusammen:<\/em><\/p>\n<p><strong>Samstag, 26. M\u00e4rz 2011 in M\u00fcnchen.<\/strong><\/p>\n<p>Mit Anti-Atomkraft-Aufklebern, Fahne und Pins best\u00fcckt, treffe ich um 13:30 Uhr, eine halbe Stunde vor offiziellem Start der deutschlandweiten Anti-Atomkraft-Demo am Odeonsplatz in M\u00fcnchen ein. Auch in Berlin, Hamburg und K\u00f6ln sind f\u00fcr heute, den 26. M\u00e4rz Anti-Atom-Kundgebungen angesetzt. Veranstaltet wird die Bundesweite Protestaktion von campact, ausgestrahlt.de, kettenreaktion und anderen Partnern.<\/p>\n<p>Noch ist das Wetter gut. Die Sonne scheint bei angenehmen 16 Grad Celcius. 10&#8217;000 \u2013 15\u2019000 Menschen werden erwartet, doch der Odeonsplatz ist bereits jetzt so voll, dass ein Durchkommen zum ausgemachten Treffpunkt mit meinen Freunden alles andere als einfach ist&#8230;<\/p>\n<p><strong>14:00 Uhr:<\/strong> Offizieller Start der Anti-Atomkraft-Demo. Und das Wetter \u00e4ndert sich. Bei str\u00f6mendem Regen und einem Temperaturabfall von gef\u00fchlten 10 Grad beginnt die Kundgebung gegen Atomkraft. Trotz des Regens wird der Platz immer voller. Die Polizei muss die U-Bahnaufg\u00e4nge sperren- zu verstopft sind die Treppen, zu voll der Platz. 1 km weit bis zum Ludwigstor stehen die AKW-Gegner. \u00dcberall wo man hinschaut, sieht man Fahnen und Luftballons mit der Aufschrift \u201eAtomkraft? \u2013 Nein Danke\u201c. Aber auch eine Vielzahl selbst gemachter Transparente und Plakate wird \u00fcberall in den Himmel gehalten. Der Kreativit\u00e4t, die der Wut, der Trauer und den Forderungen an die Bundesregierung in Deutschland Ausdruck verleiht, sind keine Grenzen gesetzt.<\/p>\n<p>Kinder, Studenten, Familien und \u00e4ltere Menschen &#8211; sie alle sind gekommen, um gegen Atomkraft und f\u00fcr erneuerbare Energien zu k\u00e4mpfen. Alle sind heute auf der Strasse. Und alle rufen sie \u201eAbschalten, abschalten!\u201c Ich klettere auf einen Laternenpfeiler, um einen besseren \u00dcberblick zu bekommen und staune \u00fcber die Menschenmasse, die trotz Regen und K\u00e4lte beharrlich f\u00fcr ihre Meinung einsteht. Ich bin beeindruckt. Und ich staune \u00fcber die Entschlossenheit die ich in den Gesichtern vieler lese.<\/p>\n<p><strong>14:15 Uhr:<\/strong> Die deutschlandweite Schweigeminute beginnt. 40&#8217;000 Menschen haben sich mittlerweile in M\u00fcnchen versammelt und ich bin ber\u00fchrt von der Kraft der bedr\u00fcckenden Stille, die sich angesichts dieser Masse an Menschen \u00fcber den Odeonsplatz legt.<\/p>\n<p>\u201eAbschalten, abschalten!\u201c erklingt es erneut, nachdem die unendlich lange Minute vor\u00fcber ist. Unterbrochen werden die Rufe der Menge nur von diversen Rednern &#8211; unter ihnen der Kabarettist Urban Priol &#8211; die die schwarz-gelbe Regierung Deutschlands lautstark und scharf kritisieren.<\/p>\n<p><strong>16:08 Uhr:<\/strong> Auftritt der Band \u201eThe Notwist\u201c und die Demo l\u00f6st sich langsam auf. Durchn\u00e4sst und durchgefroren wie ich bin, mache auch ich mich langsam auf den Weg nach Hause. Insgesamt nahmen an diesem Samstag 250&#8217;000 Atomkraft Gegner an Demonstrationen in ganz Deutschland teil. Das Gef\u00fchl hier an etwas grossem teilgehabt zu haben breitet sich in mir aus \u2013 und mit ihm die Hoffnung und der Feste Glaube an eine Zukunft ohne AKWs.<\/p>\n<p><strong>Sonntag, 18:07 Uhr:<\/strong> W\u00e4hrend ich im Zug zur\u00fcck nach Z\u00fcrich sitze, hat das Bundesland Baden-W\u00fcrttemberg in S\u00fcddeutschland gew\u00e4hlt. Das Wahlergebnis ist ein historischer Machtwechsel. Erstmals seit 58 Jahren wird die CDU von den Gr\u00fcnen und der SPD abgel\u00f6st. (<a href=\"http:\/\/www.landtagswahl-bw.de\/\" target=\"_blank\" rel=\"noopener noreferrer\">http:\/\/www.landtagswahl-bw.de\/<\/a>)<\/p>\n<\/div>\n<\/div>\n","protected":false},"excerpt":{"rendered":"<p>Greenpeace Online-Campaignerin Andrea Rid war letzten Samtag in M\u00fcnchen an der Anti-Atom-Demo mit 40&#8217;000 Teilnehmerinnen und Teilnehmern dabei. Hier fasst sie dieses Erlebnis zusammen: Greenpeace Online-Campaignerin Andrea Rid war letzten&hellip;<\/p>\n","protected":false},"author":23,"featured_media":0,"comment_status":"closed","ping_status":"open","sticky":false,"template":"","format":"standard","meta":{"_acf_changed":false,"_planet4_optimize_post_is_variant":false,"_planet4_optimize_experiment_name":"","_planet4_optimize_variant_name":"","ep_exclude_from_search":false,"p4_og_title":"","p4_og_description":"","p4_og_image":"","p4_og_image_id":"","p4_seo_canonical_url":"","p4_campaign_name":"","p4_local_project":"","p4_basket_name":"","p4_department":"","footnotes":""},"categories":[1],"tags":[42],"p4-page-type":[75],"gpch-article-type":[],"class_list":["post-15075","post","type-post","status-publish","format-standard","hentry","category-unkategorisiert","tag-energie","p4-page-type-story"],"acf":[],"_links":{"self":[{"href":"https:\/\/www.greenpeace.ch\/de\/wp-json\/wp\/v2\/posts\/15075","targetHints":{"allow":["GET"]}}],"collection":[{"href":"https:\/\/www.greenpeace.ch\/de\/wp-json\/wp\/v2\/posts"}],"about":[{"href":"https:\/\/www.greenpeace.ch\/de\/wp-json\/wp\/v2\/types\/post"}],"author":[{"embeddable":true,"href":"https:\/\/www.greenpeace.ch\/de\/wp-json\/wp\/v2\/users\/23"}],"replies":[{"embeddable":true,"href":"https:\/\/www.greenpeace.ch\/de\/wp-json\/wp\/v2\/comments?post=15075"}],"version-history":[{"count":0,"href":"https:\/\/www.greenpeace.ch\/de\/wp-json\/wp\/v2\/posts\/15075\/revisions"}],"wp:attachment":[{"href":"https:\/\/www.greenpeace.ch\/de\/wp-json\/wp\/v2\/media?parent=15075"}],"wp:term":[{"taxonomy":"category","embeddable":true,"href":"https:\/\/www.greenpeace.ch\/de\/wp-json\/wp\/v2\/categories?post=15075"},{"taxonomy":"post_tag","embeddable":true,"href":"https:\/\/www.greenpeace.ch\/de\/wp-json\/wp\/v2\/tags?post=15075"},{"taxonomy":"p4-page-type","embeddable":true,"href":"https:\/\/www.greenpeace.ch\/de\/wp-json\/wp\/v2\/p4-page-type?post=15075"},{"taxonomy":"gpch-article-type","embeddable":true,"href":"https:\/\/www.greenpeace.ch\/de\/wp-json\/wp\/v2\/gpch-article-type?post=15075"}],"curies":[{"name":"wp","href":"https:\/\/api.w.org\/{rel}","templated":true}]}}