{"id":15077,"date":"2011-03-31T00:00:00","date_gmt":"2011-03-30T22:00:00","guid":{"rendered":"https:\/\/master.greenpeace.ch\/beitrag\/15077\/jaehes-ende-fuer-trommel-aktion\/"},"modified":"2019-05-30T12:51:14","modified_gmt":"2019-05-30T10:51:14","slug":"jaehes-ende-fuer-trommel-aktion","status":"publish","type":"post","link":"https:\/\/www.greenpeace.ch\/de\/story\/15077\/jaehes-ende-fuer-trommel-aktion\/","title":{"rendered":"J\u00e4hes Ende f\u00fcr Trommel-Aktion"},"content":{"rendered":"<p><b>Gerade mal eine gute Stunde lang hatten die Greenpeace-Aktivisten vor dem Hauptsitz der Alpiq getrommelt als die Schreckensnachricht kam, dass bei Swiss Nuclear, die ebenfalls in Olten domiziliert ist, eine Briefbombe explodiert war und zwei Menschen verletzt hatte. Die Aktion wurde sofort abgebrochen.<\/b><\/p>\n<div class=\"post-content\">\n<div>\n<p>Gerade mal eine gute Stunde lang hatten die Greenpeace-Aktivisten vor dem Hauptsitz der Alpiq getrommelt als die Schreckensnachricht kam, dass bei Swiss Nuclear, die ebenfalls in Olten domiziliert ist, eine Briefbombe explodiert war und zwei Menschen verletzt hatte. Die Aktion wurde sofort abgebrochen.<\/p>\n<p>Greenpeace \u2013 von jeher der Gewaltfreiheit verpflichtet \u2013 ist konsterniert \u00fcber den Vorfall und distanziert sich in aller Form davon. \u00abGewaltfreiheit ist das oberste Prinzip bei Greenpeace. Wir bringen mit kreativen, hartn\u00e4ckigen, aufw\u00fchlenden, aber niemals gewaltsamen Aktivit\u00e4ten Probleme ins \u00f6ffentliche Bewusstsein, konfrontieren Akteure. Diesem Prinzip sind auch alle Greenpeace-Aktivistinnen und -Aktivisten verpflichtet\u00bb, sagt Markus Allemann, Co-Gesch\u00e4ftsleiter von Greenpeace Schweiz. Den Opfern des Anschlags w\u00fcnscht Greenpeace von Herzen rasche und gute Genesung.<\/p>\n<\/div>\n<\/div>\n","protected":false},"excerpt":{"rendered":"<p>Gerade mal eine gute Stunde lang hatten die Greenpeace-Aktivisten vor dem Hauptsitz der Alpiq getrommelt als die Schreckensnachricht kam, dass bei Swiss Nuclear, die ebenfalls in Olten domiziliert ist, eine&hellip;<\/p>\n","protected":false},"author":23,"featured_media":0,"comment_status":"closed","ping_status":"open","sticky":false,"template":"","format":"standard","meta":{"_acf_changed":false,"_planet4_optimize_post_is_variant":false,"_planet4_optimize_experiment_name":"","_planet4_optimize_variant_name":"","ep_exclude_from_search":false,"p4_og_title":"","p4_og_description":"","p4_og_image":"","p4_og_image_id":"","p4_seo_canonical_url":"","p4_campaign_name":"","p4_local_project":"","p4_basket_name":"","p4_department":"","footnotes":""},"categories":[1],"tags":[42],"p4-page-type":[75],"gpch-article-type":[],"class_list":["post-15077","post","type-post","status-publish","format-standard","hentry","category-unkategorisiert","tag-energie","p4-page-type-story"],"acf":[],"_links":{"self":[{"href":"https:\/\/www.greenpeace.ch\/de\/wp-json\/wp\/v2\/posts\/15077","targetHints":{"allow":["GET"]}}],"collection":[{"href":"https:\/\/www.greenpeace.ch\/de\/wp-json\/wp\/v2\/posts"}],"about":[{"href":"https:\/\/www.greenpeace.ch\/de\/wp-json\/wp\/v2\/types\/post"}],"author":[{"embeddable":true,"href":"https:\/\/www.greenpeace.ch\/de\/wp-json\/wp\/v2\/users\/23"}],"replies":[{"embeddable":true,"href":"https:\/\/www.greenpeace.ch\/de\/wp-json\/wp\/v2\/comments?post=15077"}],"version-history":[{"count":0,"href":"https:\/\/www.greenpeace.ch\/de\/wp-json\/wp\/v2\/posts\/15077\/revisions"}],"wp:attachment":[{"href":"https:\/\/www.greenpeace.ch\/de\/wp-json\/wp\/v2\/media?parent=15077"}],"wp:term":[{"taxonomy":"category","embeddable":true,"href":"https:\/\/www.greenpeace.ch\/de\/wp-json\/wp\/v2\/categories?post=15077"},{"taxonomy":"post_tag","embeddable":true,"href":"https:\/\/www.greenpeace.ch\/de\/wp-json\/wp\/v2\/tags?post=15077"},{"taxonomy":"p4-page-type","embeddable":true,"href":"https:\/\/www.greenpeace.ch\/de\/wp-json\/wp\/v2\/p4-page-type?post=15077"},{"taxonomy":"gpch-article-type","embeddable":true,"href":"https:\/\/www.greenpeace.ch\/de\/wp-json\/wp\/v2\/gpch-article-type?post=15077"}],"curies":[{"name":"wp","href":"https:\/\/api.w.org\/{rel}","templated":true}]}}