{"id":15083,"date":"2011-03-28T00:00:00","date_gmt":"2011-03-27T22:00:00","guid":{"rendered":"https:\/\/master.greenpeace.ch\/beitrag\/15083\/was-ist-eine-voruebergehende-kernschmelze\/"},"modified":"2019-05-30T12:51:28","modified_gmt":"2019-05-30T10:51:28","slug":"was-ist-eine-voruebergehende-kernschmelze","status":"publish","type":"post","link":"https:\/\/www.greenpeace.ch\/de\/story\/15083\/was-ist-eine-voruebergehende-kernschmelze\/","title":{"rendered":"Was ist eine \u201evor\u00fcbergehende Kernschmelze\u201c?"},"content":{"rendered":"<p><b><\/b><\/p>\n<div class=\"post-content\">\n<div>\n<p><!-- START DYNAMIC CONTENT --><\/p>\n<div class=\"events-box big-box left\">\n<div class=\"frame\">\n        <a class=\"open-img EnlargeImage\" href=\"https:\/\/www.greenpeace.ch\/static\/planet4-switzerland-stateless\/2019\/05\/c8ebab9b-c8ebab9b-gp02bxg.jpg\" title=\"Ein Modell der Reaktoren in Fukushima Daiichi. Den gleichen Reaktortyp findet man auch in M\u00fchleberg...\"><br \/>\n            <img decoding=\"async\" id=\"ctl00_cphContentArea_epiEntryContent_ctl00_ctl02_Image1\" title=\"Ein Modell der Reaktoren in Fukushima Daiichi. Den gleichen Reaktortyp findet man auch in M\u00fchleberg...\" class=\"Thumbnail\" src=\"https:\/\/www.greenpeace.ch\/static\/planet4-switzerland-stateless\/2019\/05\/c8ebab9b-c8ebab9b-gp02bxg.jpg\" alt=\"Ein Modell der Reaktoren in Fukushima Daiichi. Den gleichen Reaktortyp findet man auch in M\u00fchleberg...\" style=\"border-width:0px;\"><\/p>\n<p>        <\/a>\n    <\/div>\n<div class=\"events-content\">\n        <span class=\"date\"><\/span><br \/>\n        <strong>Ein Modell der Reaktoren in Fukushima Daiichi. Den gleichen Reaktortyp findet man auch in M\u00fchleberg&#8230;<\/strong><\/p>\n<p>\n            \u00a9 Mitsuyasu Oda\n        <\/p>\n<\/p>\n<\/div>\n<\/div>\n<p> <!-- END DYNAMIC CONTENT --><\/p>\n<p>In erster Linie handelt es sich um eine die Tatsachen verf\u00e4lschende neue Begriffskreation der japanischen Beh\u00f6rden. Dabei wird suggeriert, dass es sich um ein Ereignis in der Vergangenheit handelt.<\/p>\n<p><strong>Tatsache ist:<\/strong><\/p>\n<p>Die Kernschmelze findet statt. Es gibt keinen Hinweis darauf, dass sie beendet ist. Die Schmelzmasse hat offenbar die Reaktorh\u00fclle durchbrochen &#8211; anders sind die hohen Radioaktivit\u00e4tswerte des\u00a0ausgetretenen Wassers nicht zu erkl\u00e4ren. \u00dcber den Zustand der Schmelzmasse und ihre Aktivit\u00e4t gibt es keinen Hinweis.<\/p>\n<p><strong>Festzuhalten bleibt:<\/strong><\/p>\n<p>Mit den \u00fcblichen K\u00fchlungsmassnahmen kann einer Kernschmelze nicht begegnet werden. Die einzige Hoffnung besteht darin, mit provisorischen K\u00fchlmassnahmen der Umgebung ein ungehemmtes Austreten der Schmelzmasse zu verhindern. Diese Massnahmen m\u00fcssen voraussichtlich \u00fcber Monate erfolgen bis die Nachzerfallsw\u00e4rme soweit abgeklungen und kein weiterer Temperaturanstieg mehr zu bef\u00fcrchten ist. Dabei drohen allerdings Dampfexplosionen, welche zu weiteren Freisetzungen mit grossem Schadensausmass f\u00fchren k\u00f6nnen.<\/p>\n<\/div>\n<\/div>\n","protected":false},"excerpt":{"rendered":"<p>Ein Modell der Reaktoren in Fukushima Daiichi. Den gleichen Reaktortyp findet man auch in M\u00fchleberg&#8230; \u00a9 Mitsuyasu Oda In erster Linie handelt es sich um eine die Tatsachen verf\u00e4lschende neue&hellip;<\/p>\n","protected":false},"author":23,"featured_media":15085,"comment_status":"closed","ping_status":"open","sticky":false,"template":"","format":"standard","meta":{"_acf_changed":false,"_planet4_optimize_post_is_variant":false,"_planet4_optimize_experiment_name":"","_planet4_optimize_variant_name":"","ep_exclude_from_search":false,"p4_og_title":"","p4_og_description":"","p4_og_image":"","p4_og_image_id":"","p4_seo_canonical_url":"","p4_campaign_name":"","p4_local_project":"","p4_basket_name":"","p4_department":"","footnotes":""},"categories":[1],"tags":[42],"p4-page-type":[75],"gpch-article-type":[],"class_list":["post-15083","post","type-post","status-publish","format-standard","has-post-thumbnail","hentry","category-unkategorisiert","tag-energie","p4-page-type-story"],"acf":[],"_links":{"self":[{"href":"https:\/\/www.greenpeace.ch\/de\/wp-json\/wp\/v2\/posts\/15083","targetHints":{"allow":["GET"]}}],"collection":[{"href":"https:\/\/www.greenpeace.ch\/de\/wp-json\/wp\/v2\/posts"}],"about":[{"href":"https:\/\/www.greenpeace.ch\/de\/wp-json\/wp\/v2\/types\/post"}],"author":[{"embeddable":true,"href":"https:\/\/www.greenpeace.ch\/de\/wp-json\/wp\/v2\/users\/23"}],"replies":[{"embeddable":true,"href":"https:\/\/www.greenpeace.ch\/de\/wp-json\/wp\/v2\/comments?post=15083"}],"version-history":[{"count":0,"href":"https:\/\/www.greenpeace.ch\/de\/wp-json\/wp\/v2\/posts\/15083\/revisions"}],"wp:featuredmedia":[{"embeddable":true,"href":"https:\/\/www.greenpeace.ch\/de\/wp-json\/wp\/v2\/media\/15085"}],"wp:attachment":[{"href":"https:\/\/www.greenpeace.ch\/de\/wp-json\/wp\/v2\/media?parent=15083"}],"wp:term":[{"taxonomy":"category","embeddable":true,"href":"https:\/\/www.greenpeace.ch\/de\/wp-json\/wp\/v2\/categories?post=15083"},{"taxonomy":"post_tag","embeddable":true,"href":"https:\/\/www.greenpeace.ch\/de\/wp-json\/wp\/v2\/tags?post=15083"},{"taxonomy":"p4-page-type","embeddable":true,"href":"https:\/\/www.greenpeace.ch\/de\/wp-json\/wp\/v2\/p4-page-type?post=15083"},{"taxonomy":"gpch-article-type","embeddable":true,"href":"https:\/\/www.greenpeace.ch\/de\/wp-json\/wp\/v2\/gpch-article-type?post=15083"}],"curies":[{"name":"wp","href":"https:\/\/api.w.org\/{rel}","templated":true}]}}