{"id":15099,"date":"2011-03-14T00:00:00","date_gmt":"2011-03-13T22:00:00","guid":{"rendered":"https:\/\/master.greenpeace.ch\/beitrag\/15099\/mahnwachen-fuer-menschen-in-japan-in-schweizer-staedten\/"},"modified":"2019-05-30T12:51:50","modified_gmt":"2019-05-30T10:51:50","slug":"mahnwachen-fuer-menschen-in-japan-in-schweizer-staedten","status":"publish","type":"post","link":"https:\/\/www.greenpeace.ch\/de\/story\/15099\/mahnwachen-fuer-menschen-in-japan-in-schweizer-staedten\/","title":{"rendered":"Mahnwachen f\u00fcr Menschen in Japan in Schweizer St\u00e4dten"},"content":{"rendered":"<p><b>In Bern, Z\u00fcrich, Winterthur, Genf, Lausanne, Biel und Basel fanden heute Abend Mahnwachen f\u00fcr die Menschen in Japan statt. In Bern demonstrierten am Abend rund 300 Menschen friedlich; in Z\u00fcrich waren es rund 60 Personen. Sie z\u00fcndeten Kerzen an und gedachten den Opfern in Japan. Gleichzeitig setzten sie mit der klaren Botschaft \u00abAtomkraft &#8211; Nein Danke\u00bb ein Zeichen gegen die Atomkraft.<\/b><\/p>\n<div class=\"post-content\">\n<div>\n<p>In Bern, Z\u00fcrich, Winterthur, Genf, Lausanne, Biel und Basel fanden heute Abend Mahnwachen f\u00fcr die Menschen in Japan statt. In Bern demonstrierten am Abend rund 300 Menschen friedlich; in Z\u00fcrich waren es rund 60 Personen. Sie z\u00fcndeten Kerzen an und gedachten den Opfern in Japan. Gleichzeitig setzten sie mit der klaren Botschaft \u00abAtomkraft &#8211; Nein Danke\u00bb ein Zeichen gegen die Atomkraft.<\/p>\n<p>Die Mahnwachen finden bis auf weiteres <strong>jeden Abend<\/strong> in Bern, Z\u00fcrich, Winterthur, Genf, Lausanne und Basel statt, immer zwischen <strong>18.00 und 20.00 Uhr<\/strong>. Weitere <a href=\"http:\/\/www.greenpeace.org\/switzerland\/de\/Kampagnen\/Stromzukunft-Schweiz\/Atomstrom\/Sicherheit-und-Gesundheit\/Nukleare-Katastrophe-in-Japan\/Mahnwache\/\" target=\"_self\" rel=\"noopener noreferrer\">Standorte f\u00fcr Mahnwache<\/a>n kommen laufend dazu. Wenn auch Sie eine Mahnwache organisieren m\u00f6chten so senden Sie eine Mail auf: <img decoding=\"async\" class=\"obfimg Eoi_1\" src=\"https:\/\/www.greenpeace.ch\/static\/planet4-switzerland-stateless\/2019\/05\/1780327b-1780327b-2e1f23158af43b255f88dc99aaa2a0ec.png\" alt=\"\"><script type=\"text\/javascript\"><!--\ndocument.write(dc('Eoi_1', '26_4E_45_08_43_45_47_43_56_48_43_43_54_41_66_41_48_53_54_43_4F_55_4F_4A_4F_44_49_4B'));\/\/--><\/script><\/p>\n<p>\u00a0<\/p>\n<p><strong>\u00dcber 100&#8217;000 Menschen bei Mahnwachen gegen Atom-Energie in Deutschland<\/strong><\/p>\n<p>Weit \u00fcber 100&#8217;000 Menschen haben nach Veranstalterangaben heute Abend f\u00fcr die Stilllegung der deutschen Atomkraftwerke demonstriert. Die Anti-Atom-Organisation .ausgestrahlt, die zu den Mahnwachen aufgerufen hatte, sprach von rund 110&#8217;000 Teilnehmern in 450 St\u00e4dten.<\/p>\n<p>\u00abNoch nie in der Geschichte der Anti-AKW-Bewegung haben an so kurzfristig angesetzten Demonstrationen so viele Menschen teilgenommen\u00bb, bilanzierte Jochen Stay, Sprecher von .ausgestrahlt. Der massive Zulauf zu den Protesten zeige, dass Bundeskanzlerin Angela Merkel (CDU) mit ihrer Moratoriums-Strategie gescheitert sei. \u00abDenn nur ein stillgelegtes AKW ist ein wirklich sicheres AKW\u00bb, sagte Stay.<\/p>\n<\/div>\n<\/div>\n","protected":false},"excerpt":{"rendered":"<p>In Bern, Z\u00fcrich, Winterthur, Genf, Lausanne, Biel und Basel fanden heute Abend Mahnwachen f\u00fcr die Menschen in Japan statt. In Bern demonstrierten am Abend rund 300 Menschen friedlich; in Z\u00fcrich&hellip;<\/p>\n","protected":false},"author":23,"featured_media":15102,"comment_status":"closed","ping_status":"open","sticky":false,"template":"","format":"standard","meta":{"_acf_changed":false,"_planet4_optimize_post_is_variant":false,"_planet4_optimize_experiment_name":"","_planet4_optimize_variant_name":"","ep_exclude_from_search":false,"p4_og_title":"","p4_og_description":"","p4_og_image":"","p4_og_image_id":"","p4_seo_canonical_url":"","p4_campaign_name":"","p4_local_project":"","p4_basket_name":"","p4_department":"","footnotes":""},"categories":[1],"tags":[42],"p4-page-type":[75],"gpch-article-type":[],"class_list":["post-15099","post","type-post","status-publish","format-standard","has-post-thumbnail","hentry","category-unkategorisiert","tag-energie","p4-page-type-story"],"acf":[],"_links":{"self":[{"href":"https:\/\/www.greenpeace.ch\/de\/wp-json\/wp\/v2\/posts\/15099","targetHints":{"allow":["GET"]}}],"collection":[{"href":"https:\/\/www.greenpeace.ch\/de\/wp-json\/wp\/v2\/posts"}],"about":[{"href":"https:\/\/www.greenpeace.ch\/de\/wp-json\/wp\/v2\/types\/post"}],"author":[{"embeddable":true,"href":"https:\/\/www.greenpeace.ch\/de\/wp-json\/wp\/v2\/users\/23"}],"replies":[{"embeddable":true,"href":"https:\/\/www.greenpeace.ch\/de\/wp-json\/wp\/v2\/comments?post=15099"}],"version-history":[{"count":0,"href":"https:\/\/www.greenpeace.ch\/de\/wp-json\/wp\/v2\/posts\/15099\/revisions"}],"wp:featuredmedia":[{"embeddable":true,"href":"https:\/\/www.greenpeace.ch\/de\/wp-json\/wp\/v2\/media\/15102"}],"wp:attachment":[{"href":"https:\/\/www.greenpeace.ch\/de\/wp-json\/wp\/v2\/media?parent=15099"}],"wp:term":[{"taxonomy":"category","embeddable":true,"href":"https:\/\/www.greenpeace.ch\/de\/wp-json\/wp\/v2\/categories?post=15099"},{"taxonomy":"post_tag","embeddable":true,"href":"https:\/\/www.greenpeace.ch\/de\/wp-json\/wp\/v2\/tags?post=15099"},{"taxonomy":"p4-page-type","embeddable":true,"href":"https:\/\/www.greenpeace.ch\/de\/wp-json\/wp\/v2\/p4-page-type?post=15099"},{"taxonomy":"gpch-article-type","embeddable":true,"href":"https:\/\/www.greenpeace.ch\/de\/wp-json\/wp\/v2\/gpch-article-type?post=15099"}],"curies":[{"name":"wp","href":"https:\/\/api.w.org\/{rel}","templated":true}]}}