{"id":15109,"date":"2011-03-03T00:00:00","date_gmt":"2011-03-02T22:00:00","guid":{"rendered":"https:\/\/master.greenpeace.ch\/beitrag\/15109\/radioaktiver-muell-kommt-zurueck-in-die-schweiz\/"},"modified":"2019-05-30T12:52:06","modified_gmt":"2019-05-30T10:52:06","slug":"radioaktiver-muell-kommt-zurueck-in-die-schweiz","status":"publish","type":"post","link":"https:\/\/www.greenpeace.ch\/de\/story\/15109\/radioaktiver-muell-kommt-zurueck-in-die-schweiz\/","title":{"rendered":"Radioaktiver M\u00fcll kommt zur\u00fcck in die Schweiz"},"content":{"rendered":"<p><b>Aus der Wiederaufarbeitungsanlage in La Hague (F) rollt heute ein Castor mit Schweizer Atomm\u00fcll ins Zwischenlager in W\u00fcrenlingen. Gef\u00e4hrlicher Atomm\u00fcll wird \u00fcber Dutzende von Kilometern durchs Land transportiert, behandelt, gelagert und wieder transportiert. Die Verschiebung von Atomm\u00fcll gef\u00e4hrdet die Bev\u00f6lkerung und verschleiert, wo der M\u00fcll am Ende vergraben wird. Greenpeace hat von den Schweizer AKW-Betreibern immer gefordert, dass sie den strahlenden M\u00fcll aus ihren Kraftwerken behalten und daf\u00fcr die volle Verantwortung \u00fcbernehmen. Den Abfall in Frankreich oder Russland unter zweifelhaften Umst\u00e4nden zu vergraben kann keine L\u00f6sung sein. Dass die radioaktive Fracht aus La Hague wieder in die Schweiz zur\u00fcckkommt ist darum korrekt. \u00a0Mit intensiver Kampagnenarbeit hat Greenpeace Schweiz erreicht, dass seit 2006 kein Atomm\u00fcll mehr exportiert werden darf. Den M\u00fcll, den die AKW-Betreiber vor 2006 ausser Landes geschafft haben, m\u00fcssen sie auch wieder zur\u00fccknehmen. Greenpeace protestiert deswegen nicht gegen den Castor-Transport nach W\u00fcrenlingen.<\/b><\/p>\n<div class=\"post-content\">\n<div>\n<p><img decoding=\"async\" style=\"float: left; margin-left: 5px; margin-right: 5px;\" src=\"https:\/\/www.greenpeace.ch\/static\/planet4-switzerland-stateless\/2019\/05\/380b69fc-380b69fc-18124_36209.jpg\" alt=\"\" width=\"200\">Aus der Wiederaufarbeitungsanlage in La Hague (F) rollt heute ein Castor mit Schweizer Atomm\u00fcll ins Zwischenlager in W\u00fcrenlingen. Gef\u00e4hrlicher Atomm\u00fcll wird \u00fcber Dutzende von Kilometern durchs Land transportiert, behandelt, gelagert und wieder transportiert. Die Verschiebung von Atomm\u00fcll gef\u00e4hrdet die Bev\u00f6lkerung und verschleiert, wo der M\u00fcll am Ende vergraben wird. Greenpeace hat von den Schweizer AKW-Betreibern immer gefordert, dass sie den strahlenden M\u00fcll aus ihren Kraftwerken behalten und daf\u00fcr die volle Verantwortung \u00fcbernehmen. Den Abfall in Frankreich oder Russland unter zweifelhaften Umst\u00e4nden zu vergraben kann keine L\u00f6sung sein. Dass die radioaktive Fracht aus La Hague wieder in die Schweiz zur\u00fcckkommt ist darum korrekt. <br \/>\u00a0<br \/><img decoding=\"async\" style=\"float: right; margin-left: 5px; margin-right: 5px;\" src=\"https:\/\/www.greenpeace.ch\/static\/planet4-switzerland-stateless\/2019\/05\/f7137091-f7137091-18123_36211.jpg\" alt=\"\" width=\"200\">Mit intensiver Kampagnenarbeit hat Greenpeace Schweiz erreicht, dass seit 2006 kein Atomm\u00fcll mehr exportiert werden darf. Den M\u00fcll, den die AKW-Betreiber vor 2006 ausser Landes geschafft haben, m\u00fcssen sie auch wieder zur\u00fccknehmen. Greenpeace protestiert deswegen nicht gegen den Castor-Transport nach W\u00fcrenlingen.<\/p>\n<p>Die einzige L\u00f6sung f\u00fcr das Atomm\u00fcllproblem ist das Abschalten der Kernkraftwerke. Anstatt neue Atomkraftwerke zu bauen, m\u00fcssen die Schweizer Energieversorger endlich konsequent in erneuerbare und saubere Energien investieren.\u00a0\u00a0<\/p>\n<p><!-- START DYNAMIC CONTENT --><\/p>\n<div class=\"listings items multy-border\">\n<h3 title=\"Medienecho\">Medienecho<\/h3>\n<div class=\"\">\n<ul>\n<li class=\"flexible-height\">\n    <a title=\"SF News\" href=\"http:\/\/www.tagesschau.sf.tv\/Nachrichten\/Archiv\/2011\/03\/03\/Schweiz\/Atommuell-reist-durch-die-Schweiz-und-niemand-protestiert\" target=\"_blank\" rel=\"noopener noreferrer\">SF News<\/a>\t<\/p>\n<p class=\"contenttype\">Link<\/p>\n<\/li>\n<li class=\"flexible-height\">\n    <a title=\"BAZ Online\" href=\"http:\/\/bazonline.ch\/basel\/stadt\/Hier-faehrt-der-CastorTransport-durch-Basel\/story\/20389575\" target=\"_blank\" rel=\"noopener noreferrer\">BAZ Online<\/a>\t<\/p>\n<p class=\"contenttype\">Link<\/p>\n<\/li>\n<\/ul>\n<\/div>\n<\/div>\n<p>\u00a0<\/p>\n<p><!-- START DYNAMIC CONTENT --><iframe loading=\"lazy\" title=\"YouTube video player\" width=\"605\" height=\"370\" src=\"https:\/\/www.youtube.com\/embed\/yPnJuJb18C0\" frameborder=\"0\" allowfullscreen=\"\"><\/iframe> <!-- END DYNAMIC CONTENT --><\/p>\n<\/div>\n<\/div>\n","protected":false},"excerpt":{"rendered":"<p>Aus der Wiederaufarbeitungsanlage in La Hague (F) rollt heute ein Castor mit Schweizer Atomm\u00fcll ins Zwischenlager in W\u00fcrenlingen. Gef\u00e4hrlicher Atomm\u00fcll wird \u00fcber Dutzende von Kilometern durchs Land transportiert, behandelt, gelagert&hellip;<\/p>\n","protected":false},"author":23,"featured_media":15111,"comment_status":"closed","ping_status":"open","sticky":false,"template":"","format":"standard","meta":{"_acf_changed":false,"_planet4_optimize_post_is_variant":false,"_planet4_optimize_experiment_name":"","_planet4_optimize_variant_name":"","ep_exclude_from_search":false,"p4_og_title":"","p4_og_description":"","p4_og_image":"","p4_og_image_id":"","p4_seo_canonical_url":"","p4_campaign_name":"","p4_local_project":"","p4_basket_name":"","p4_department":"","footnotes":""},"categories":[1],"tags":[42],"p4-page-type":[75],"gpch-article-type":[],"class_list":["post-15109","post","type-post","status-publish","format-standard","has-post-thumbnail","hentry","category-unkategorisiert","tag-energie","p4-page-type-story"],"acf":[],"_links":{"self":[{"href":"https:\/\/www.greenpeace.ch\/de\/wp-json\/wp\/v2\/posts\/15109","targetHints":{"allow":["GET"]}}],"collection":[{"href":"https:\/\/www.greenpeace.ch\/de\/wp-json\/wp\/v2\/posts"}],"about":[{"href":"https:\/\/www.greenpeace.ch\/de\/wp-json\/wp\/v2\/types\/post"}],"author":[{"embeddable":true,"href":"https:\/\/www.greenpeace.ch\/de\/wp-json\/wp\/v2\/users\/23"}],"replies":[{"embeddable":true,"href":"https:\/\/www.greenpeace.ch\/de\/wp-json\/wp\/v2\/comments?post=15109"}],"version-history":[{"count":0,"href":"https:\/\/www.greenpeace.ch\/de\/wp-json\/wp\/v2\/posts\/15109\/revisions"}],"wp:featuredmedia":[{"embeddable":true,"href":"https:\/\/www.greenpeace.ch\/de\/wp-json\/wp\/v2\/media\/15111"}],"wp:attachment":[{"href":"https:\/\/www.greenpeace.ch\/de\/wp-json\/wp\/v2\/media?parent=15109"}],"wp:term":[{"taxonomy":"category","embeddable":true,"href":"https:\/\/www.greenpeace.ch\/de\/wp-json\/wp\/v2\/categories?post=15109"},{"taxonomy":"post_tag","embeddable":true,"href":"https:\/\/www.greenpeace.ch\/de\/wp-json\/wp\/v2\/tags?post=15109"},{"taxonomy":"p4-page-type","embeddable":true,"href":"https:\/\/www.greenpeace.ch\/de\/wp-json\/wp\/v2\/p4-page-type?post=15109"},{"taxonomy":"gpch-article-type","embeddable":true,"href":"https:\/\/www.greenpeace.ch\/de\/wp-json\/wp\/v2\/gpch-article-type?post=15109"}],"curies":[{"name":"wp","href":"https:\/\/api.w.org\/{rel}","templated":true}]}}