{"id":15114,"date":"2011-03-08T00:00:00","date_gmt":"2011-03-07T22:00:00","guid":{"rendered":"https:\/\/master.greenpeace.ch\/beitrag\/15114\/gefaengnisstrafen-fuer-friedlichen-protest-gefordert\/"},"modified":"2019-05-30T12:52:11","modified_gmt":"2019-05-30T10:52:11","slug":"gefaengnisstrafen-fuer-friedlichen-protest-gefordert","status":"publish","type":"post","link":"https:\/\/www.greenpeace.ch\/de\/story\/15114\/gefaengnisstrafen-fuer-friedlichen-protest-gefordert\/","title":{"rendered":"Gef\u00e4ngnisstrafen f\u00fcr friedlichen Protest gefordert"},"content":{"rendered":"<p><b>Die d\u00e4nische Staatsanwaltschaft hat heute gegen elf Aktivisten und  Aktivistinnen aus acht L\u00e4ndern Anklage erhoben. Kurz vor dem Ende des  scheiternden Klimagipfels 2009 in Kopenhagen hatten die  Greenpeace-Aktivisten im Vorfeld eines Galadinners ein Banner entrollt,  mit dem sie die 120 Staatschefs aufforderten, endlich zu handeln.  Greenpeace erachtet die Schwere der Anklagepunkte angesichts des  friedlichen Protests als unverh\u00e4ltnism\u00e4ssig. Die Anklage scheint darauf  abzuzielen, Proteste k\u00fcnftig zu verhindern. Unter den 11 Angeklagten  sind auch zwei Schweizer Greenpeace-Aktivisten.<\/b><\/p>\n<div class=\"post-content\">\n<div>\n<p><img decoding=\"async\" style=\"float: left; margin-left: 5px; margin-right: 5px;\" src=\"https:\/\/www.greenpeace.ch\/static\/planet4-switzerland-stateless\/2019\/05\/02525967-02525967-19637_36601.jpg\" alt=\"\" width=\"200\">Die d\u00e4nische Staatsanwaltschaft hat heute gegen elf Aktivisten und  Aktivistinnen aus acht L\u00e4ndern Anklage erhoben. Kurz vor dem Ende des  scheiternden Klimagipfels 2009 in Kopenhagen hatten die  Greenpeace-Aktivisten im Vorfeld eines Galadinners ein Banner entrollt,  mit dem sie die 120 Staatschefs aufforderten, endlich zu handeln.  Greenpeace erachtet die Schwere der Anklagepunkte angesichts des  friedlichen Protests als unverh\u00e4ltnism\u00e4ssig. Die Anklage scheint darauf  abzuzielen, Proteste k\u00fcnftig zu verhindern. Unter den 11 Angeklagten  sind auch zwei Schweizer Greenpeace-Aktivisten.<\/p>\n<p><strong><a href=\"http:\/\/www.greenpeace.org\/switzerland\/de\/Kampagnen\/Stromzukunft-Schweiz\/Klima\/Gala-Aktion\/\" target=\"_self\" rel=\"noopener noreferrer\">Mehr Informationen<\/a><\/strong><\/p>\n<p><strong><a href=\"http:\/\/www.greenpeace.org\/switzerland\/de\/Uber-uns\/Medienstelle\/Medienmitteilungen\/Danischer-Staatsanwalt-fordert-Gefangnisstrafen-fur-friedlichen-Protest-in-Kopenhagen\/\" target=\"_self\" rel=\"noopener noreferrer\">Zur Pressemitteilung<\/a><\/strong><\/p>\n<\/div>\n<\/div>\n","protected":false},"excerpt":{"rendered":"<p>Die d\u00e4nische Staatsanwaltschaft hat heute gegen elf Aktivisten und Aktivistinnen aus acht L\u00e4ndern Anklage erhoben. Kurz vor dem Ende des scheiternden Klimagipfels 2009 in Kopenhagen hatten die Greenpeace-Aktivisten im Vorfeld&hellip;<\/p>\n","protected":false},"author":23,"featured_media":15116,"comment_status":"closed","ping_status":"open","sticky":false,"template":"","format":"standard","meta":{"_acf_changed":false,"_planet4_optimize_post_is_variant":false,"_planet4_optimize_experiment_name":"","_planet4_optimize_variant_name":"","ep_exclude_from_search":false,"p4_og_title":"","p4_og_description":"","p4_og_image":"","p4_og_image_id":"","p4_seo_canonical_url":"","p4_campaign_name":"","p4_local_project":"","p4_basket_name":"","p4_department":"","footnotes":""},"categories":[1],"tags":[50],"p4-page-type":[75],"gpch-article-type":[],"class_list":["post-15114","post","type-post","status-publish","format-standard","has-post-thumbnail","hentry","category-unkategorisiert","tag-klima","p4-page-type-story"],"acf":[],"_links":{"self":[{"href":"https:\/\/www.greenpeace.ch\/de\/wp-json\/wp\/v2\/posts\/15114","targetHints":{"allow":["GET"]}}],"collection":[{"href":"https:\/\/www.greenpeace.ch\/de\/wp-json\/wp\/v2\/posts"}],"about":[{"href":"https:\/\/www.greenpeace.ch\/de\/wp-json\/wp\/v2\/types\/post"}],"author":[{"embeddable":true,"href":"https:\/\/www.greenpeace.ch\/de\/wp-json\/wp\/v2\/users\/23"}],"replies":[{"embeddable":true,"href":"https:\/\/www.greenpeace.ch\/de\/wp-json\/wp\/v2\/comments?post=15114"}],"version-history":[{"count":0,"href":"https:\/\/www.greenpeace.ch\/de\/wp-json\/wp\/v2\/posts\/15114\/revisions"}],"wp:featuredmedia":[{"embeddable":true,"href":"https:\/\/www.greenpeace.ch\/de\/wp-json\/wp\/v2\/media\/15116"}],"wp:attachment":[{"href":"https:\/\/www.greenpeace.ch\/de\/wp-json\/wp\/v2\/media?parent=15114"}],"wp:term":[{"taxonomy":"category","embeddable":true,"href":"https:\/\/www.greenpeace.ch\/de\/wp-json\/wp\/v2\/categories?post=15114"},{"taxonomy":"post_tag","embeddable":true,"href":"https:\/\/www.greenpeace.ch\/de\/wp-json\/wp\/v2\/tags?post=15114"},{"taxonomy":"p4-page-type","embeddable":true,"href":"https:\/\/www.greenpeace.ch\/de\/wp-json\/wp\/v2\/p4-page-type?post=15114"},{"taxonomy":"gpch-article-type","embeddable":true,"href":"https:\/\/www.greenpeace.ch\/de\/wp-json\/wp\/v2\/gpch-article-type?post=15114"}],"curies":[{"name":"wp","href":"https:\/\/api.w.org\/{rel}","templated":true}]}}