{"id":15118,"date":"2011-03-14T00:00:00","date_gmt":"2011-03-13T22:00:00","guid":{"rendered":"https:\/\/master.greenpeace.ch\/beitrag\/15118\/findet-nun-endlich-ein-umdenken-statt\/"},"modified":"2019-05-30T12:52:15","modified_gmt":"2019-05-30T10:52:15","slug":"findet-nun-endlich-ein-umdenken-statt","status":"publish","type":"post","link":"https:\/\/www.greenpeace.ch\/de\/story\/15118\/findet-nun-endlich-ein-umdenken-statt\/","title":{"rendered":"Findet nun endlich ein Umdenken statt?"},"content":{"rendered":"<p><b>Nach der aktuellen atomaren Katastrophe in Japan reagiert die Bundesregierung in Deutschland endlich aktiv auf die Debatte um die im Herbst 2010 beschlossene Laufzeitverl\u00e4ngerung der deutschen AKWs. \u00a0 \u00a0 \u00a0 \u00a0 \u00a0 \u00a0 \u00a0 \u00a0 \u00a0 \u00a0 \u00a0 \u00a0 \u00a0 \u00a0 \u00a0 \u00a0 \u00a0 \u00a0 \u00a0 \u00a0 \u00a0 \u00a0 \u00a0 \u00a0 \u00a0 \u00a0 \u00a0 \u00a0 \u00a0 \u00a0 \u00a0 \u00a0 \u00a0<\/b><\/p>\n<div class=\"post-content\">\n<div>\n<p><span>Nach der aktuellen atomaren Katastrophe in Japan reagiert die Bundesregierung in Deutschland endlich aktiv auf die Debatte um die im Herbst 2010 beschlossene Laufzeitverl\u00e4ngerung der deutschen AKWs. \u00a0 \u00a0 \u00a0 \u00a0 \u00a0 \u00a0 \u00a0 \u00a0 \u00a0 \u00a0 \u00a0 \u00a0 \u00a0 \u00a0 \u00a0 \u00a0 \u00a0 \u00a0 \u00a0 \u00a0 \u00a0 \u00a0 \u00a0 \u00a0 \u00a0 \u00a0 \u00a0 \u00a0 \u00a0 \u00a0 \u00a0 \u00a0 \u00a0<\/span><\/p>\n<p><span>Die deutschen Atommeiler geh\u00f6ren mit zu den \u00e4ltesten weltweit, l\u00e4ngst \u00fcberfl\u00fcssig also, dass alle AKWs \u00fcberpr\u00fcft werden und die Laufzeitverl\u00e4ngerung vorerst ausgesetzt wird. Noch diese Woche will die Sozialdemokratische Partei Deutschlands die Koalition in einer namentlichen Abstimmung dazu auffordern, die von Union und FDP durchgesetzte Laufzeitverl\u00e4ngerung wieder r\u00fcckg\u00e4ngig zu machen. Das w\u00fcrde bedeuten, die Atomkraftwerke Biblis A und B, Brunsb\u00fcttel und Neckarwestheim I sofort und die Anlagen Isar I, Kr\u00fcmmel, Philippsburg I und Unterweser innerhalb eines halben Jahres unter Verfall der jeweiligen Restrommengen still zu legen. Nach Informationen der Nachrichtenagentur dpa wollen Bundeskanzlerin Angela Merkel und Vizekanzler Guido Westerwelle am Nachmittag Details festlegen. Klarheit k\u00f6nnte es gegen 16 Uhr geben: Dann wollen sich Merkel und Westerwelle erneut zu den Atomunf\u00e4llen in Japan \u00e4u\u00dfern.\u00a0<\/span><\/p>\n<\/div>\n<\/div>\n","protected":false},"excerpt":{"rendered":"<p>Nach der aktuellen atomaren Katastrophe in Japan reagiert die Bundesregierung in Deutschland endlich aktiv auf die Debatte um die im Herbst 2010 beschlossene Laufzeitverl\u00e4ngerung der deutschen AKWs. \u00a0 \u00a0 \u00a0&hellip;<\/p>\n","protected":false},"author":23,"featured_media":0,"comment_status":"closed","ping_status":"open","sticky":false,"template":"","format":"standard","meta":{"_acf_changed":false,"_planet4_optimize_post_is_variant":false,"_planet4_optimize_experiment_name":"","_planet4_optimize_variant_name":"","ep_exclude_from_search":false,"p4_og_title":"","p4_og_description":"","p4_og_image":"","p4_og_image_id":"","p4_seo_canonical_url":"","p4_campaign_name":"","p4_local_project":"","p4_basket_name":"","p4_department":"","footnotes":""},"categories":[1],"tags":[42],"p4-page-type":[75],"gpch-article-type":[],"class_list":["post-15118","post","type-post","status-publish","format-standard","hentry","category-unkategorisiert","tag-energie","p4-page-type-story"],"acf":[],"_links":{"self":[{"href":"https:\/\/www.greenpeace.ch\/de\/wp-json\/wp\/v2\/posts\/15118","targetHints":{"allow":["GET"]}}],"collection":[{"href":"https:\/\/www.greenpeace.ch\/de\/wp-json\/wp\/v2\/posts"}],"about":[{"href":"https:\/\/www.greenpeace.ch\/de\/wp-json\/wp\/v2\/types\/post"}],"author":[{"embeddable":true,"href":"https:\/\/www.greenpeace.ch\/de\/wp-json\/wp\/v2\/users\/23"}],"replies":[{"embeddable":true,"href":"https:\/\/www.greenpeace.ch\/de\/wp-json\/wp\/v2\/comments?post=15118"}],"version-history":[{"count":0,"href":"https:\/\/www.greenpeace.ch\/de\/wp-json\/wp\/v2\/posts\/15118\/revisions"}],"wp:attachment":[{"href":"https:\/\/www.greenpeace.ch\/de\/wp-json\/wp\/v2\/media?parent=15118"}],"wp:term":[{"taxonomy":"category","embeddable":true,"href":"https:\/\/www.greenpeace.ch\/de\/wp-json\/wp\/v2\/categories?post=15118"},{"taxonomy":"post_tag","embeddable":true,"href":"https:\/\/www.greenpeace.ch\/de\/wp-json\/wp\/v2\/tags?post=15118"},{"taxonomy":"p4-page-type","embeddable":true,"href":"https:\/\/www.greenpeace.ch\/de\/wp-json\/wp\/v2\/p4-page-type?post=15118"},{"taxonomy":"gpch-article-type","embeddable":true,"href":"https:\/\/www.greenpeace.ch\/de\/wp-json\/wp\/v2\/gpch-article-type?post=15118"}],"curies":[{"name":"wp","href":"https:\/\/api.w.org\/{rel}","templated":true}]}}