{"id":15122,"date":"2011-03-17T00:00:00","date_gmt":"2011-03-16T22:00:00","guid":{"rendered":"https:\/\/master.greenpeace.ch\/beitrag\/15122\/die-schweizer-atomlobby\/"},"modified":"2019-05-30T12:52:30","modified_gmt":"2019-05-30T10:52:30","slug":"die-schweizer-atomlobby","status":"publish","type":"post","link":"https:\/\/www.greenpeace.ch\/de\/story\/15122\/die-schweizer-atomlobby\/","title":{"rendered":"Die Schweizer Atomlobby"},"content":{"rendered":"<p><b>Brisantes aus der Schweiz<\/b><\/p>\n<div class=\"post-content\">\n<div>\n<p><strong>Brisantes aus der Schweiz<\/strong><\/p>\n<p><!-- START DYNAMIC CONTENT --><\/p>\n<div class=\"events-box middle-box left\">\n<div class=\"frame\">\n        <a class=\"open-img EnlargeImage\" href=\"https:\/\/www.greenpeace.ch\/static\/planet4-switzerland-stateless\/2019\/05\/10f129f7-10f129f7-schaltplanschweizerstromwirtschaft.gif\" title=\"Schaltplan der Schweizer Stromwirtschaft (Download zur vollst\u00e4ndigen Ansicht unten)\"><br \/>\n            <img decoding=\"async\" id=\"ctl00_cphContentArea_epiEntryContent_ctl00_ctl02_Image1\" title=\"Schaltplan der Schweizer Stromwirtschaft (Download zur vollst\u00e4ndigen Ansicht unten)\" class=\"Thumbnail\" src=\"https:\/\/www.greenpeace.ch\/static\/planet4-switzerland-stateless\/2019\/05\/10f129f7-10f129f7-schaltplanschweizerstromwirtschaft.gif\" alt=\"Schaltplan der Schweizer Stromwirtschaft (Download zur vollst\u00e4ndigen Ansicht unten)\" style=\"border-width:0px;\"><\/p>\n<p>        <\/a>\n    <\/div>\n<div class=\"events-content\">\n        <span class=\"date\"><\/span><br \/>\n        <strong>Schaltplan der Schweizer Stromwirtschaft (Download zur vollst\u00e4ndigen Ansicht unten)<\/strong><\/p>\n<p>\n            \u00a9 SES\n        <\/p>\n<\/p>\n<\/div>\n<\/div>\n<p> <!-- END DYNAMIC CONTENT -->\u00dcber Nacht verwandelte sich Fukushima zum Symbol f\u00fcr eine Atom-Katastrophe. \u00dcber Nacht \u00e4nderte die Schweizer Atomkraft-Lobby den Text ihrer Homepage.\u00a0Auf \u00abKernenergie.ch\u00bb, informieren die Schweizer Stromkonzerne \u00fcber ihre Atomkraftwerke. Im Abschnitt \u00abSicherheit\u00bb stand beim Punkt \u00abGesch\u00fctzt gegen Erdbeben\u00bb gestern Mittag noch der Text: \u00abDurch sicheres Bauen und die sorgf\u00e4ltige Wahl des Baugrunds k\u00f6nnen Kernkraftwerke auch sehr starke Beben ohne wesentliche Sch\u00e4den \u00fcberstehen. Das belegen die Erfahrungen aus Japan und Kalifornien, wo vergleichsweise oft schwere Erdbeben auftreten.\u00bb<\/p>\n<p>In der Nacht sind nun die Hinweise auf Japan und Kalifornien verschwunden. Der ganze Satz wurde gel\u00f6scht. Wie die ganze Welt haben wohl auch die Schweizer AKW-Betreiber ihr Wissen zur Sicherheit von AKWs in Erdbebengebieten schleunigst revidieren m\u00fcssen. (Quelle: Blick)<\/p>\n<p><strong>Schaltplan der Schweizer Stromwirtschaft<\/strong><\/p>\n<p>Die Schweizer Stromlobby rund um die Atomkraftwerke ist ein komplexes Gebilde. Wie sie funktioniert und welche Firmen, Politikerinnen und Politiker, Verb\u00e4nde und Institute dabei mitmischen hat die Schweizerische Energie-Stiftung in einem Schaltplan anschaulich dargestellt.<\/p>\n<p><!-- START DYNAMIC CONTENT --><\/p>\n<div class=\"listings items\">\n<h3 title=\"Download\">Download<\/h3>\n<div class=\"\">\n<ul>\n<li>\n    <a title=\"Schaltplan Schweizer Stromwirtschaft\" href=\"http:\/\/www.energiestiftung.ch\/files\/textdateien\/aktuell\/magazine\/schaltplanschweizerstromwirtschaft.pdf\">Schaltplan Schweizer Stromwirtschaft<\/a>\t<\/p>\n<p class=\"contenttype\">Link<\/p>\n<div class=\"text\">\n<p>\n    <a title=\"Mehr...\" href=\"http:\/\/www.energiestiftung.ch\/files\/textdateien\/aktuell\/magazine\/schaltplanschweizerstromwirtschaft.pdf\">Mehr&#8230;<\/a><\/p>\n<\/div>\n<\/li>\n<\/ul>\n<\/div>\n<\/div>\n<p> <!-- END DYNAMIC CONTENT -->\n<\/div>\n<\/p>\n<\/div>\n","protected":false},"excerpt":{"rendered":"<p>Brisantes aus der Schweiz Brisantes aus der Schweiz Schaltplan der Schweizer Stromwirtschaft (Download zur vollst\u00e4ndigen Ansicht unten) \u00a9 SES \u00dcber Nacht verwandelte sich Fukushima zum Symbol f\u00fcr eine Atom-Katastrophe. \u00dcber&hellip;<\/p>\n","protected":false},"author":23,"featured_media":15124,"comment_status":"closed","ping_status":"open","sticky":false,"template":"","format":"standard","meta":{"_acf_changed":false,"_planet4_optimize_post_is_variant":false,"_planet4_optimize_experiment_name":"","_planet4_optimize_variant_name":"","ep_exclude_from_search":false,"p4_og_title":"","p4_og_description":"","p4_og_image":"","p4_og_image_id":"","p4_seo_canonical_url":"","p4_campaign_name":"","p4_local_project":"","p4_basket_name":"","p4_department":"","footnotes":""},"categories":[1],"tags":[42],"p4-page-type":[75],"gpch-article-type":[],"class_list":["post-15122","post","type-post","status-publish","format-standard","has-post-thumbnail","hentry","category-unkategorisiert","tag-energie","p4-page-type-story"],"acf":[],"_links":{"self":[{"href":"https:\/\/www.greenpeace.ch\/de\/wp-json\/wp\/v2\/posts\/15122","targetHints":{"allow":["GET"]}}],"collection":[{"href":"https:\/\/www.greenpeace.ch\/de\/wp-json\/wp\/v2\/posts"}],"about":[{"href":"https:\/\/www.greenpeace.ch\/de\/wp-json\/wp\/v2\/types\/post"}],"author":[{"embeddable":true,"href":"https:\/\/www.greenpeace.ch\/de\/wp-json\/wp\/v2\/users\/23"}],"replies":[{"embeddable":true,"href":"https:\/\/www.greenpeace.ch\/de\/wp-json\/wp\/v2\/comments?post=15122"}],"version-history":[{"count":0,"href":"https:\/\/www.greenpeace.ch\/de\/wp-json\/wp\/v2\/posts\/15122\/revisions"}],"wp:featuredmedia":[{"embeddable":true,"href":"https:\/\/www.greenpeace.ch\/de\/wp-json\/wp\/v2\/media\/15124"}],"wp:attachment":[{"href":"https:\/\/www.greenpeace.ch\/de\/wp-json\/wp\/v2\/media?parent=15122"}],"wp:term":[{"taxonomy":"category","embeddable":true,"href":"https:\/\/www.greenpeace.ch\/de\/wp-json\/wp\/v2\/categories?post=15122"},{"taxonomy":"post_tag","embeddable":true,"href":"https:\/\/www.greenpeace.ch\/de\/wp-json\/wp\/v2\/tags?post=15122"},{"taxonomy":"p4-page-type","embeddable":true,"href":"https:\/\/www.greenpeace.ch\/de\/wp-json\/wp\/v2\/p4-page-type?post=15122"},{"taxonomy":"gpch-article-type","embeddable":true,"href":"https:\/\/www.greenpeace.ch\/de\/wp-json\/wp\/v2\/gpch-article-type?post=15122"}],"curies":[{"name":"wp","href":"https:\/\/api.w.org\/{rel}","templated":true}]}}