{"id":15140,"date":"2011-03-14T00:00:00","date_gmt":"2011-03-13T22:00:00","guid":{"rendered":"https:\/\/master.greenpeace.ch\/beitrag\/15140\/sicherheit-hat-oberste-prioritaet\/"},"modified":"2019-05-30T12:52:59","modified_gmt":"2019-05-30T10:52:59","slug":"sicherheit-hat-oberste-prioritaet","status":"publish","type":"post","link":"https:\/\/www.greenpeace.ch\/de\/story\/15140\/sicherheit-hat-oberste-prioritaet\/","title":{"rendered":"\u201eSicherheit hat oberste Priorit\u00e4t.\u201c"},"content":{"rendered":"<p><b><\/b><\/p>\n<div class=\"post-content\">\n<div>\n<p><img decoding=\"async\" src=\"https:\/\/www.greenpeace.ch\/static\/planet4-switzerland-stateless\/2019\/05\/84d138bd-84d138bd-19944_37277.jpg\" alt=\"\"><\/p>\n<p>Bundesr\u00e4tin Doris Leuthard hat am heutigen Morgen die laufenden Verfahren f\u00fcr die Rahmenbewilligungsgesuche f\u00fcr die neuen Atomkraftwerke sistiert.\u00a0<\/p>\n<p><span>Das ENSI wurde beauftragt, eine vorzeitige Sicherheits\u00fcberpr\u00fcfung bei den bestehenden AKWs einzuleiten. Beim AKW M\u00fchleberg l\u00e4uft bereits eine Sicherheits\u00fcberpr\u00fcfung. Bundesr\u00e4tin Leuthard: \u201eSicherheit hat oberste Priorit\u00e4t.\u201c<\/span><\/p>\n<p><span><span>Greenpeace begr\u00fcsst den Entscheid von Bundesr\u00e4tin Doris Leuthard als ersten Schritt in die richtige Richtung und ruft den Bundesrat dazu auf,\u00a0<\/span><span>nun ernsthaft eine Strompolitik umzusetzen, welche ohne neue AKW auskommt. Die erneuerbaren Technologien sind l\u00e4ngstens\u00a0<\/span><span>verf\u00fcgbar und ihre Wirtschaftlichkeit hinl\u00e4nglich bewiesen. Die Investition der Milliarden, die f\u00fcr den Bau eines Atomkraftwerkes n\u00f6tig sind, in Effizienz und erneuerbare Energien schafft inl\u00e4ndische Wertsch\u00f6pfung und sichert die einheimische und saubere Energieversorung.\u00a0<\/span><\/p>\n<p><\/span><\/p>\n<\/div>\n<\/div>\n","protected":false},"excerpt":{"rendered":"<p>Bundesr\u00e4tin Doris Leuthard hat am heutigen Morgen die laufenden Verfahren f\u00fcr die Rahmenbewilligungsgesuche f\u00fcr die neuen Atomkraftwerke sistiert.\u00a0 Das ENSI wurde beauftragt, eine vorzeitige Sicherheits\u00fcberpr\u00fcfung bei den bestehenden AKWs einzuleiten.&hellip;<\/p>\n","protected":false},"author":23,"featured_media":15142,"comment_status":"closed","ping_status":"open","sticky":false,"template":"","format":"standard","meta":{"_acf_changed":false,"_planet4_optimize_post_is_variant":false,"_planet4_optimize_experiment_name":"","_planet4_optimize_variant_name":"","ep_exclude_from_search":false,"p4_og_title":"","p4_og_description":"","p4_og_image":"","p4_og_image_id":"","p4_seo_canonical_url":"","p4_campaign_name":"","p4_local_project":"","p4_basket_name":"","p4_department":"","footnotes":""},"categories":[1],"tags":[42],"p4-page-type":[75],"gpch-article-type":[],"class_list":["post-15140","post","type-post","status-publish","format-standard","has-post-thumbnail","hentry","category-unkategorisiert","tag-energie","p4-page-type-story"],"acf":[],"_links":{"self":[{"href":"https:\/\/www.greenpeace.ch\/de\/wp-json\/wp\/v2\/posts\/15140","targetHints":{"allow":["GET"]}}],"collection":[{"href":"https:\/\/www.greenpeace.ch\/de\/wp-json\/wp\/v2\/posts"}],"about":[{"href":"https:\/\/www.greenpeace.ch\/de\/wp-json\/wp\/v2\/types\/post"}],"author":[{"embeddable":true,"href":"https:\/\/www.greenpeace.ch\/de\/wp-json\/wp\/v2\/users\/23"}],"replies":[{"embeddable":true,"href":"https:\/\/www.greenpeace.ch\/de\/wp-json\/wp\/v2\/comments?post=15140"}],"version-history":[{"count":0,"href":"https:\/\/www.greenpeace.ch\/de\/wp-json\/wp\/v2\/posts\/15140\/revisions"}],"wp:featuredmedia":[{"embeddable":true,"href":"https:\/\/www.greenpeace.ch\/de\/wp-json\/wp\/v2\/media\/15142"}],"wp:attachment":[{"href":"https:\/\/www.greenpeace.ch\/de\/wp-json\/wp\/v2\/media?parent=15140"}],"wp:term":[{"taxonomy":"category","embeddable":true,"href":"https:\/\/www.greenpeace.ch\/de\/wp-json\/wp\/v2\/categories?post=15140"},{"taxonomy":"post_tag","embeddable":true,"href":"https:\/\/www.greenpeace.ch\/de\/wp-json\/wp\/v2\/tags?post=15140"},{"taxonomy":"p4-page-type","embeddable":true,"href":"https:\/\/www.greenpeace.ch\/de\/wp-json\/wp\/v2\/p4-page-type?post=15140"},{"taxonomy":"gpch-article-type","embeddable":true,"href":"https:\/\/www.greenpeace.ch\/de\/wp-json\/wp\/v2\/gpch-article-type?post=15140"}],"curies":[{"name":"wp","href":"https:\/\/api.w.org\/{rel}","templated":true}]}}