{"id":15148,"date":"2011-02-16T00:00:00","date_gmt":"2011-02-15T22:00:00","guid":{"rendered":"https:\/\/master.greenpeace.ch\/beitrag\/15148\/castor\/"},"modified":"2019-05-30T12:53:27","modified_gmt":"2019-05-30T10:53:27","slug":"castor","status":"publish","type":"post","link":"https:\/\/www.greenpeace.ch\/de\/story\/15148\/castor\/","title":{"rendered":"Castor"},"content":{"rendered":"<p><b>\u00a0<\/b><\/p>\n<div class=\"post-content\">\n<div>\n<p>\u00a0<\/p>\n<p><!-- START DYNAMIC CONTENT --><\/p>\n<div class=\"events-box small-box left\">\n<div class=\"frame\">\n        <a class=\"open-img EnlargeImage\" href=\"\/switzerland\/Global\/switzerland\/photos\/nuclear\/2011\/photo-1.jpeg\" title=\"\"><br \/>\n            <img decoding=\"async\" id=\"ctl00_cphContentArea_epiEntryContent_ctl00_ctl02_Image1\" class=\"Thumbnail\" src=\"https:\/\/www.greenpeace.ch\/wp-content\/uploads\/2017\/01\/photo-1.jpg\" alt=\"\" style=\"border-width:0px;\"><\/p>\n<p>        <\/a>\n    <\/div>\n<div class=\"events-content no-title\">\n        <span class=\"date\"><\/span><br \/>\n        <strong><\/strong><\/p>\n<p>\n            \u00a9 Greenpeace Deutschland\n        <\/p>\n<\/p>\n<\/div>\n<\/div>\n<p> <!-- END DYNAMIC CONTENT --><\/p>\n<p>F\u00fcnf Castor-Transportbeh\u00e4lter mit hoch radioaktivem Atomm\u00fcll sind von Karlsruhe auf die Reise nach dem 900 Kilometer entfernten Lubmin in Mecklenburg-Vorpommern gegangen. Gegen 03.15 Uhr verliess der Atomzug die ehemalige Wiederaufarbeitungsanlage Karlsruhe (WAK). Mehrere hundert Polizisten sicherten den Zug ab. Denn Gestern hatten Greenpeace-AktivisteInnen sich rund neun Stunden lang an die Gleise direkt vor der WAK gekettet.<\/p>\n<p>Rund 500 weitere AktivistInnen hatten sich an der Route des Atomm\u00fcll-Transportes zu einer \u201eNacht-Tanz-Blockade\u201c versammelt und setzten sich vor kurz vor 23 Uhr auf die Schienen. Gegen 01.30 Uhr begannen die Beamten, die AktivistInnen von den Gleisen zu tragen und in Gewahrsam zu nehmen.<\/p>\n<p>In den f\u00fcnf Castoren sind 56 Tonnen radioaktiver Abfall aus der vor zwei Jahrzehnten stillgelegten WAK. Der fr\u00fcher als \u201eAtomsuppe\u201c bezeichnete stark strahlende M\u00fcll wurde verglast, um ihn transportf\u00e4hig zu machen.  Von der Wiederaufarbeitungsanlage f\u00fchrt die Strecke zun\u00e4chst auf Stadtbahngleisen durch mehrere Wohngebiete der Gemeinden Eggenstein-Leopoldshafen und Karlsruhe. Von Karlsruhe aus sind zwei Routen denkbar: \u00dcber Mannheim, Darmstadt, Aschaffenburg, Fulda nach Th\u00fcringen bis Mecklenburg-Vorpommern. Wahrscheinlicher ist jedoch die Strecke \u00fcber Bietigheim-Bissingen, Heilbronn, W\u00fcrzburg nach Th\u00fcringen und dann in den Norden. Der Atomm\u00fcll soll am Donnerstag im Zwischenlager Nord in Lubmin ankommen.<\/p>\n<p>Die AktivistInnen fordern, dass der Atomm\u00fcll dort gelagert werden soll, wo er anf\u00e4llt.<\/p>\n<\/div>\n<\/div>\n","protected":false},"excerpt":{"rendered":"<p>\u00a0 \u00a0 \u00a9 Greenpeace Deutschland F\u00fcnf Castor-Transportbeh\u00e4lter mit hoch radioaktivem Atomm\u00fcll sind von Karlsruhe auf die Reise nach dem 900 Kilometer entfernten Lubmin in Mecklenburg-Vorpommern gegangen. Gegen 03.15 Uhr verliess&hellip;<\/p>\n","protected":false},"author":23,"featured_media":15150,"comment_status":"closed","ping_status":"open","sticky":false,"template":"","format":"standard","meta":{"_acf_changed":false,"_planet4_optimize_post_is_variant":false,"_planet4_optimize_experiment_name":"","_planet4_optimize_variant_name":"","ep_exclude_from_search":false,"p4_og_title":"","p4_og_description":"","p4_og_image":"","p4_og_image_id":"","p4_seo_canonical_url":"","p4_campaign_name":"","p4_local_project":"","p4_basket_name":"","p4_department":"","footnotes":""},"categories":[1],"tags":[50],"p4-page-type":[75],"gpch-article-type":[],"class_list":["post-15148","post","type-post","status-publish","format-standard","has-post-thumbnail","hentry","category-unkategorisiert","tag-klima","p4-page-type-story"],"acf":[],"_links":{"self":[{"href":"https:\/\/www.greenpeace.ch\/de\/wp-json\/wp\/v2\/posts\/15148","targetHints":{"allow":["GET"]}}],"collection":[{"href":"https:\/\/www.greenpeace.ch\/de\/wp-json\/wp\/v2\/posts"}],"about":[{"href":"https:\/\/www.greenpeace.ch\/de\/wp-json\/wp\/v2\/types\/post"}],"author":[{"embeddable":true,"href":"https:\/\/www.greenpeace.ch\/de\/wp-json\/wp\/v2\/users\/23"}],"replies":[{"embeddable":true,"href":"https:\/\/www.greenpeace.ch\/de\/wp-json\/wp\/v2\/comments?post=15148"}],"version-history":[{"count":0,"href":"https:\/\/www.greenpeace.ch\/de\/wp-json\/wp\/v2\/posts\/15148\/revisions"}],"wp:featuredmedia":[{"embeddable":true,"href":"https:\/\/www.greenpeace.ch\/de\/wp-json\/wp\/v2\/media\/15150"}],"wp:attachment":[{"href":"https:\/\/www.greenpeace.ch\/de\/wp-json\/wp\/v2\/media?parent=15148"}],"wp:term":[{"taxonomy":"category","embeddable":true,"href":"https:\/\/www.greenpeace.ch\/de\/wp-json\/wp\/v2\/categories?post=15148"},{"taxonomy":"post_tag","embeddable":true,"href":"https:\/\/www.greenpeace.ch\/de\/wp-json\/wp\/v2\/tags?post=15148"},{"taxonomy":"p4-page-type","embeddable":true,"href":"https:\/\/www.greenpeace.ch\/de\/wp-json\/wp\/v2\/p4-page-type?post=15148"},{"taxonomy":"gpch-article-type","embeddable":true,"href":"https:\/\/www.greenpeace.ch\/de\/wp-json\/wp\/v2\/gpch-article-type?post=15148"}],"curies":[{"name":"wp","href":"https:\/\/api.w.org\/{rel}","templated":true}]}}