{"id":15158,"date":"2011-02-18T00:00:00","date_gmt":"2011-02-17T22:00:00","guid":{"rendered":"https:\/\/master.greenpeace.ch\/beitrag\/15158\/auslaufendes-oel-bedroht-norwegische-seevogelarten\/"},"modified":"2019-05-30T12:53:44","modified_gmt":"2019-05-30T10:53:44","slug":"auslaufendes-oel-bedroht-norwegische-seevogelarten","status":"publish","type":"post","link":"https:\/\/www.greenpeace.ch\/de\/story\/15158\/auslaufendes-oel-bedroht-norwegische-seevogelarten\/","title":{"rendered":"Auslaufendes \u00d6l bedroht norwegische Seevogelarten"},"content":{"rendered":"<p><b>Der vor der norwegischen K\u00fcste auf Grund gelaufene Container-Frachter &#171;Godafoss&#187; verliert Schwer\u00f6l. Von den sch\u00e4tzungsweise 800 Tonnen \u00d6l an Bord sind \u00fcber 300 Tonnen bereits ausgelaufen.<\/b><\/p>\n<div class=\"post-content\">\n<div>\n<p><strong><img decoding=\"async\" style=\"float: left; margin-left: 5px; margin-right: 5px;\" src=\"https:\/\/www.greenpeace.ch\/static\/planet4-switzerland-stateless\/2019\/05\/ab738f8a-ab738f8a-17684_34592.jpg\" alt=\"\u00a9 Keystone\" width=\"200\">Der vor der norwegischen K\u00fcste auf Grund gelaufene Container-Frachter &#171;Godafoss&#187; verliert Schwer\u00f6l. Von den sch\u00e4tzungsweise 800 Tonnen \u00d6l an Bord sind \u00fcber 300 Tonnen bereits ausgelaufen. <\/strong><\/p>\n<p>Sie bedrohen das Naturschutzgebiet Ytre Hvaler \u2013 den einzigen Meeres-Nationalpark Norwegens \u2013 in den verwinkelten und sehr artenreichen Sch\u00e4ren und damit Tausende von Seevogelarten, darunter auch bedrohte Arten. K\u00fcstenwache und Spezialisten bek\u00e4mpfen das auslaufende \u00d6l mit Sperren und durch Abpumpen. Personen kamen keine zu Schaden.<\/p>\n<p>Ebenfalls heute liess BP im Zusammenhang mit der letztes Jahr <a title=\"Mehr zur \u00d6lpest im Golf von Mexico\" href=\"http:\/\/www.greenpeace.org\/switzerland\/de\/System-templates\/Search-results\/?or1=BP%2C%20oilspill&amp;lang=de-CH&amp;ct=blogentry&amp;topic=-1&amp;ps=&amp;sort=easysearch_startpublishshort%7C1&amp;date=-1\" target=\"_blank\" rel=\"noopener noreferrer\">verursachten \u00d6l-Katastrophe im Golf von Mexiko<\/a> verlauten, dass die <a title=\"Artikel im Tagi\" href=\"http:\/\/www.tagesanzeiger.ch\/wirtschaft\/unternehmen-und-konjunktur\/Schadenersatzzahlungen-bringen-BP-ins-Schwitzen\/story\/27317278\" target=\"_blank\" rel=\"noopener noreferrer\">Ausgaben f\u00fcr Entsch\u00e4digungen im Zusammenhang mit der Katastrophe viel zu hoch seien<\/a>.\u00a0<\/p>\n<p>Die 780 Mio. Liter \u00d6l im Golf sind also schon fast vergessen \u2013 zumindest f\u00fcr BP.<\/p>\n<\/div>\n<\/div>\n","protected":false},"excerpt":{"rendered":"<p>Der vor der norwegischen K\u00fcste auf Grund gelaufene Container-Frachter &#8220;Godafoss&#8221; verliert Schwer\u00f6l. Von den sch\u00e4tzungsweise 800 Tonnen \u00d6l an Bord sind \u00fcber 300 Tonnen bereits ausgelaufen. Der vor der norwegischen&hellip;<\/p>\n","protected":false},"author":23,"featured_media":15160,"comment_status":"closed","ping_status":"open","sticky":false,"template":"","format":"standard","meta":{"_acf_changed":false,"_planet4_optimize_post_is_variant":false,"_planet4_optimize_experiment_name":"","_planet4_optimize_variant_name":"","ep_exclude_from_search":false,"p4_og_title":"","p4_og_description":"","p4_og_image":"","p4_og_image_id":"","p4_seo_canonical_url":"","p4_campaign_name":"","p4_local_project":"","p4_basket_name":"","p4_department":"","footnotes":""},"categories":[1],"tags":[41],"p4-page-type":[75],"gpch-article-type":[],"class_list":["post-15158","post","type-post","status-publish","format-standard","has-post-thumbnail","hentry","category-unkategorisiert","tag-meer","p4-page-type-story"],"acf":[],"_links":{"self":[{"href":"https:\/\/www.greenpeace.ch\/de\/wp-json\/wp\/v2\/posts\/15158","targetHints":{"allow":["GET"]}}],"collection":[{"href":"https:\/\/www.greenpeace.ch\/de\/wp-json\/wp\/v2\/posts"}],"about":[{"href":"https:\/\/www.greenpeace.ch\/de\/wp-json\/wp\/v2\/types\/post"}],"author":[{"embeddable":true,"href":"https:\/\/www.greenpeace.ch\/de\/wp-json\/wp\/v2\/users\/23"}],"replies":[{"embeddable":true,"href":"https:\/\/www.greenpeace.ch\/de\/wp-json\/wp\/v2\/comments?post=15158"}],"version-history":[{"count":0,"href":"https:\/\/www.greenpeace.ch\/de\/wp-json\/wp\/v2\/posts\/15158\/revisions"}],"wp:featuredmedia":[{"embeddable":true,"href":"https:\/\/www.greenpeace.ch\/de\/wp-json\/wp\/v2\/media\/15160"}],"wp:attachment":[{"href":"https:\/\/www.greenpeace.ch\/de\/wp-json\/wp\/v2\/media?parent=15158"}],"wp:term":[{"taxonomy":"category","embeddable":true,"href":"https:\/\/www.greenpeace.ch\/de\/wp-json\/wp\/v2\/categories?post=15158"},{"taxonomy":"post_tag","embeddable":true,"href":"https:\/\/www.greenpeace.ch\/de\/wp-json\/wp\/v2\/tags?post=15158"},{"taxonomy":"p4-page-type","embeddable":true,"href":"https:\/\/www.greenpeace.ch\/de\/wp-json\/wp\/v2\/p4-page-type?post=15158"},{"taxonomy":"gpch-article-type","embeddable":true,"href":"https:\/\/www.greenpeace.ch\/de\/wp-json\/wp\/v2\/gpch-article-type?post=15158"}],"curies":[{"name":"wp","href":"https:\/\/api.w.org\/{rel}","templated":true}]}}