{"id":15166,"date":"2011-02-13T00:00:00","date_gmt":"2011-02-12T22:00:00","guid":{"rendered":"https:\/\/master.greenpeace.ch\/beitrag\/15166\/die-zweite-hochrechnung-ist-da-48-nein-sogar-65-in-der-stadt-bern\/"},"modified":"2019-05-30T12:53:55","modified_gmt":"2019-05-30T10:53:55","slug":"die-zweite-hochrechnung-ist-da-48-nein-sogar-65-in-der-stadt-bern","status":"publish","type":"post","link":"https:\/\/www.greenpeace.ch\/de\/story\/15166\/die-zweite-hochrechnung-ist-da-48-nein-sogar-65-in-der-stadt-bern\/","title":{"rendered":"Die zweite Hochrechnung ist da: 48% Nein, sogar 65% in der Stadt Bern!"},"content":{"rendered":"<p><b>Kaspar Schuler, Kampagnenleiter Klima &#038; Energie, aus dem Rest. L\u00f6tschberg, Bern:Im Kanton Bern werden voraussichtlich 48% das neue AKW in M\u00fchleberg ablehnen.Die ersten Teilergebnisse zeigen, dass der Bezirk Biel voraussichtlich Nein sagt und einige Landbezirke Ja. Doch das erstaunlichste und sch\u00f6\u00f6nste ist, dass 65% der Bernerinnen und Berner in ihrer Hauptstadt Nein zum neuen AKW sagen; das nicht als Hochrechnung sondern als definitives Ergebnis.<\/b><\/p>\n<div class=\"post-content\">\n<div>\n<p><strong><img decoding=\"async\" style=\"float: left; margin-left: 5px; margin-right: 5px;\" src=\"https:\/\/www.greenpeace.ch\/static\/planet4-switzerland-stateless\/2019\/05\/8a26c8be-8a26c8be-17486_34087.jpg\" alt=\"\" width=\"200\">Kaspar Schuler, Kampagnenleiter Klima &amp; Energie, aus dem Rest. L\u00f6tschberg, Bern:<\/strong><\/p>\n<p>Im Kanton Bern werden voraussichtlich 48% das neue AKW in M\u00fchleberg ablehnen.<br \/>Die ersten Teilergebnisse zeigen, dass der Bezirk Biel voraussichtlich Nein sagt und einige Landbezirke Ja. Doch das erstaunlichste und sch\u00f6\u00f6nste ist, dass 65% der Bernerinnen und Berner in ihrer Hauptstadt Nein zum neuen AKW sagen; das nicht als Hochrechnung sondern als definitives Ergebnis.<\/p>\n<p>Kleiner Jubel hier im Restaurant L\u00f6tschberg. Das sei ja noch besser als im November, als die Stadt \u00fcber ihren ganz eigenen Ausstieg abstimmte.<\/p>\n<p><img decoding=\"async\" style=\"float: left; margin-left: 5px; margin-right: 5px; border: 1px solid black;\" src=\"https:\/\/www.greenpeace.ch\/static\/planet4-switzerland-stateless\/2019\/05\/105cc63b-105cc63b-17487_34091.jpg\" alt=\"\">Claude Longchamp betont am Schweizer TV, dass die Abweichung voraussichtlich nur noch 2-3% betrage. Wichtig ist auch, dass diese Abstimmung nicht bindend ist. Die Berner Konsultativabstimmung kam zustande, weil die Kantonsregierung den Bau des neuen AKW ablehnt und das Parlament hingegen zustimmte.<\/p>\n<p>Longchamp f\u00fchrt aus, dass dieses absehbare JA zum Standort M\u00fchleberg vor allem auch gegen den Ersatz des AKW G\u00f6sgen. Es ist das j\u00fcngste der 3 zu ersetzenden und hat nun folglich die schlechtesten Chancen. Aber daf\u00fcr, dass keines der 3 alten AKW Chancen auf Ersatz hat, daf\u00fcr sorgen ja nicht zuletzt wir&#8230;. \ud83d\ude09<\/p>\n<\/div>\n<\/div>\n","protected":false},"excerpt":{"rendered":"<p>Kaspar Schuler, Kampagnenleiter Klima &#038; Energie, aus dem Rest. L\u00f6tschberg, Bern:Im Kanton Bern werden voraussichtlich 48% das neue AKW in M\u00fchleberg ablehnen.Die ersten Teilergebnisse zeigen, dass der Bezirk Biel voraussichtlich&hellip;<\/p>\n","protected":false},"author":23,"featured_media":15156,"comment_status":"closed","ping_status":"open","sticky":false,"template":"","format":"standard","meta":{"_acf_changed":false,"_planet4_optimize_post_is_variant":false,"_planet4_optimize_experiment_name":"","_planet4_optimize_variant_name":"","ep_exclude_from_search":false,"p4_og_title":"","p4_og_description":"","p4_og_image":"","p4_og_image_id":"","p4_seo_canonical_url":"","p4_campaign_name":"","p4_local_project":"","p4_basket_name":"","p4_department":"","footnotes":""},"categories":[1],"tags":[42],"p4-page-type":[75],"gpch-article-type":[],"class_list":["post-15166","post","type-post","status-publish","format-standard","has-post-thumbnail","hentry","category-unkategorisiert","tag-energie","p4-page-type-story"],"acf":[],"_links":{"self":[{"href":"https:\/\/www.greenpeace.ch\/de\/wp-json\/wp\/v2\/posts\/15166","targetHints":{"allow":["GET"]}}],"collection":[{"href":"https:\/\/www.greenpeace.ch\/de\/wp-json\/wp\/v2\/posts"}],"about":[{"href":"https:\/\/www.greenpeace.ch\/de\/wp-json\/wp\/v2\/types\/post"}],"author":[{"embeddable":true,"href":"https:\/\/www.greenpeace.ch\/de\/wp-json\/wp\/v2\/users\/23"}],"replies":[{"embeddable":true,"href":"https:\/\/www.greenpeace.ch\/de\/wp-json\/wp\/v2\/comments?post=15166"}],"version-history":[{"count":0,"href":"https:\/\/www.greenpeace.ch\/de\/wp-json\/wp\/v2\/posts\/15166\/revisions"}],"wp:featuredmedia":[{"embeddable":true,"href":"https:\/\/www.greenpeace.ch\/de\/wp-json\/wp\/v2\/media\/15156"}],"wp:attachment":[{"href":"https:\/\/www.greenpeace.ch\/de\/wp-json\/wp\/v2\/media?parent=15166"}],"wp:term":[{"taxonomy":"category","embeddable":true,"href":"https:\/\/www.greenpeace.ch\/de\/wp-json\/wp\/v2\/categories?post=15166"},{"taxonomy":"post_tag","embeddable":true,"href":"https:\/\/www.greenpeace.ch\/de\/wp-json\/wp\/v2\/tags?post=15166"},{"taxonomy":"p4-page-type","embeddable":true,"href":"https:\/\/www.greenpeace.ch\/de\/wp-json\/wp\/v2\/p4-page-type?post=15166"},{"taxonomy":"gpch-article-type","embeddable":true,"href":"https:\/\/www.greenpeace.ch\/de\/wp-json\/wp\/v2\/gpch-article-type?post=15166"}],"curies":[{"name":"wp","href":"https:\/\/api.w.org\/{rel}","templated":true}]}}