{"id":15173,"date":"2011-02-13T00:00:00","date_gmt":"2011-02-12T22:00:00","guid":{"rendered":"https:\/\/master.greenpeace.ch\/beitrag\/15173\/warm-laufen-in-bern\/"},"modified":"2019-05-30T12:54:02","modified_gmt":"2019-05-30T10:54:02","slug":"warm-laufen-in-bern","status":"publish","type":"post","link":"https:\/\/www.greenpeace.ch\/de\/story\/15173\/warm-laufen-in-bern\/","title":{"rendered":"Warm laufen in Bern"},"content":{"rendered":"<p><b>Kaspar Schuler, Kampagnenleiter Klima &#038; Energie, aus Bern:<\/b><\/p>\n<div class=\"post-content\">\n<div>\n<p><strong><img decoding=\"async\" style=\"float: left; margin-left: 5px; margin-right: 5px;\" src=\"https:\/\/www.greenpeace.ch\/static\/planet4-switzerland-stateless\/2019\/05\/8a26c8be-8a26c8be-17486_34087.jpg\" alt=\"\" width=\"200\">Kaspar Schuler, Kampagnenleiter Klima &amp; Energie, aus Bern:<\/strong><\/p>\n<p>Die heutige kantonale Abstimmung in Bern gilt als erster grosser Schweizer AKW-Testlauf an der Urne. Zu erwarten ist leider ein JA, Zustimmung zu einem neuen AKW. Der Kanton Bern hat bereits ein AKW und die Stimmb\u00fcrgerInnen in den l\u00e4ndlichen Gebieten sind deutlich konservativer als in der Stadt. Diese allerdings ist letzten November aus der Atomkraft ausgestiegen.<\/p>\n<p><strong>11:25 Uhr, Sonntag 13. Februar, Landquart<\/strong><\/p>\n<p>Ich reise von meinem Wohnort in Graub\u00fcnden nach Bern. Auf dem Perron im Bahnhof Landquart mischt sich die scheue W\u00e4rme einer milden Wintersonne mit der kalten Bergluft. Das passt gut, zu mir und meinen Gef\u00fchlen. Ich reise ans Treffen des kantonalen Nein-Komitees in der Volksabstimmung zum Bau eines neuen AKW in M\u00fchleberg \u2013 das w\u00e4rmt. Ich erwarte eine Niederlage f\u00fcr uns AtomkraftgegnerInnen &#8211; das k\u00fchlt. Im besten Fall werden wir heute Abend, beim Zieleinlauf, 40% Nein-Stimmen erreicht haben. Wenn uns das gelingt, werde ich heute Abend sehr sehr zuversichtlich f\u00fcr die eidgen\u00f6ssische Atomabstimmung 2013 sein.<\/p>\n<p><strong>Zuversicht dank einer absehbaren Niederlage? Macht das Sinn?<\/strong><\/p>\n<p>Und wie, lassen Sie es mich erkl\u00e4ren. Ein kantonaler Abstimmungssieg in Bern f\u00fcr unsereiner \u2013 ein NEIN zu einem neuen AKW &#8211; das w\u00e4re die absolute \u00dcberraschung. Wir w\u00fcrden wohl bis montagmorgen fr\u00fch ungl\u00e4ubig staunen und m\u00fcssten das jubeln nachgerade lernen. Denn der Kanton Bern ist einer der Standortkantone der 5 heutigen Atomkraftwerke in der Schweiz. Es gilt sich bewusst zu machen, dass die Bev\u00f6lkerung w\u00e4hrend Monaten von ihren gesch\u00e4tzten Bernischen Kraftwerken BKW und vielen b\u00fcrgerlichen ExponentInnen eindringlich geh\u00f6rt haben, wie hoch die kantonale Wertsch\u00f6pfung und wie viele Arbeitspl\u00e4tze aufgrund des geplanten, neuen AKW sein werden. Das zeigt sicher seine Wirkung.<br \/>Kommt hinzu, dass die Stadt Bern im letzten November zwar f\u00fcr den Ausstieg aus der Atomkraft gestimmt hat, die Stadtberner Stimmbev\u00f6lkerung jedoch um ein mehrfaches kleiner als die kantonale ist. In allen l\u00e4ndlichen Gebieten wird konservativer gestimmt und gew\u00e4hlt als in den St\u00e4dten.<\/p>\n<p>Deshalb w\u00e4re ein heutiger Abstimmunssieg ein kleines Wunder. Und darum werde ich pudelwohl nach Z\u00fcrich reisen, heute Abend, wenn wir mehr als 40% Nein-Stimmen erzielt haben. <\/p>\n<p>PS: Nach Z\u00fcrich \u2013 und nicht nach Hause in Graub\u00fcnden \u2013 reise ich, weil wir von Greenpeace Schweiz die meisten unserer Arbeitspl\u00e4tze in Z\u00fcrich haben. Dort wird es ab morgen einen wundervoll grossen Haufen Arbeit geben, was immer die Bernerinnen und Berner heute zu neuen AKW sagen. <\/p>\n<p>Der Atomausstieg, das ist ein Jahrhundertprojekt. F\u00fcr diesen Marathon haben wir uns in den letzten Monaten erst warm gelaufen. Mit einem Formtest heute.<\/p>\n<\/div>\n<\/div>\n","protected":false},"excerpt":{"rendered":"<p>Kaspar Schuler, Kampagnenleiter Klima &#038; Energie, aus Bern: Kaspar Schuler, Kampagnenleiter Klima &amp; Energie, aus Bern: Die heutige kantonale Abstimmung in Bern gilt als erster grosser Schweizer AKW-Testlauf an der&hellip;<\/p>\n","protected":false},"author":23,"featured_media":15156,"comment_status":"closed","ping_status":"open","sticky":false,"template":"","format":"standard","meta":{"_acf_changed":false,"_planet4_optimize_post_is_variant":false,"_planet4_optimize_experiment_name":"","_planet4_optimize_variant_name":"","ep_exclude_from_search":false,"p4_og_title":"","p4_og_description":"","p4_og_image":"","p4_og_image_id":"","p4_seo_canonical_url":"","p4_campaign_name":"","p4_local_project":"","p4_basket_name":"","p4_department":"","footnotes":""},"categories":[1],"tags":[42],"p4-page-type":[75],"gpch-article-type":[],"class_list":["post-15173","post","type-post","status-publish","format-standard","has-post-thumbnail","hentry","category-unkategorisiert","tag-energie","p4-page-type-story"],"acf":[],"_links":{"self":[{"href":"https:\/\/www.greenpeace.ch\/de\/wp-json\/wp\/v2\/posts\/15173","targetHints":{"allow":["GET"]}}],"collection":[{"href":"https:\/\/www.greenpeace.ch\/de\/wp-json\/wp\/v2\/posts"}],"about":[{"href":"https:\/\/www.greenpeace.ch\/de\/wp-json\/wp\/v2\/types\/post"}],"author":[{"embeddable":true,"href":"https:\/\/www.greenpeace.ch\/de\/wp-json\/wp\/v2\/users\/23"}],"replies":[{"embeddable":true,"href":"https:\/\/www.greenpeace.ch\/de\/wp-json\/wp\/v2\/comments?post=15173"}],"version-history":[{"count":0,"href":"https:\/\/www.greenpeace.ch\/de\/wp-json\/wp\/v2\/posts\/15173\/revisions"}],"wp:featuredmedia":[{"embeddable":true,"href":"https:\/\/www.greenpeace.ch\/de\/wp-json\/wp\/v2\/media\/15156"}],"wp:attachment":[{"href":"https:\/\/www.greenpeace.ch\/de\/wp-json\/wp\/v2\/media?parent=15173"}],"wp:term":[{"taxonomy":"category","embeddable":true,"href":"https:\/\/www.greenpeace.ch\/de\/wp-json\/wp\/v2\/categories?post=15173"},{"taxonomy":"post_tag","embeddable":true,"href":"https:\/\/www.greenpeace.ch\/de\/wp-json\/wp\/v2\/tags?post=15173"},{"taxonomy":"p4-page-type","embeddable":true,"href":"https:\/\/www.greenpeace.ch\/de\/wp-json\/wp\/v2\/p4-page-type?post=15173"},{"taxonomy":"gpch-article-type","embeddable":true,"href":"https:\/\/www.greenpeace.ch\/de\/wp-json\/wp\/v2\/gpch-article-type?post=15173"}],"curies":[{"name":"wp","href":"https:\/\/api.w.org\/{rel}","templated":true}]}}