{"id":15176,"date":"2011-02-13T00:00:00","date_gmt":"2011-02-12T22:00:00","guid":{"rendered":"https:\/\/master.greenpeace.ch\/beitrag\/15176\/die-aargauer-zeitung-ist-irritiert\/"},"modified":"2019-05-30T12:54:07","modified_gmt":"2019-05-30T10:54:07","slug":"die-aargauer-zeitung-ist-irritiert","status":"publish","type":"post","link":"https:\/\/www.greenpeace.ch\/de\/story\/15176\/die-aargauer-zeitung-ist-irritiert\/","title":{"rendered":"Die Aargauer Zeitung ist irritiert"},"content":{"rendered":"<p><b>Kaspar Schuler, Kampagnenleiter Klima &#038; Energie, aus dem Rest. L\u00f6tschberg, Bern:Bleibt es definitiv beim sagenhaft guten Ergebnis von 48% Nein-Stimmen?Die Spannung steigt \u2013 und ein Journalist staunt \u00fcber unsere gute Stimmung hier.Am auffallendsten ist zurzeit vor Ort, wie stark die Beurteilung zwischen uns und den Gegnern bzw. einzelnen Journalisten differiert.<\/b><\/p>\n<div class=\"post-content\">\n<div>\n<p><strong><img decoding=\"async\" style=\"float: left; margin-left: 5px; margin-right: 5px;\" src=\"https:\/\/www.greenpeace.ch\/static\/planet4-switzerland-stateless\/2019\/05\/8a26c8be-8a26c8be-17486_34087.jpg\" alt=\"\" width=\"200\">Kaspar Schuler, Kampagnenleiter Klima &amp; Energie, aus dem Rest. L\u00f6tschberg, Bern:<\/strong><\/p>\n<p>Bleibt es definitiv beim sagenhaft guten Ergebnis von 48% Nein-Stimmen?<br \/>Die Spannung steigt \u2013 und ein Journalist staunt \u00fcber unsere gute Stimmung hier.<\/p>\n<p>Am auffallendsten ist zurzeit vor Ort, wie stark die Beurteilung zwischen uns und den Gegnern bzw. einzelnen Journalisten differiert.<\/p>\n<p>Gieri Cavelty, der im Auftrag der &#171;Aargauer Zeitung&#187; hier ist, sagte mir soeben offen ins Gesicht: \u201eDas ist ja eine Katastrophe!\u201c<\/p>\n<p>Meine strahlende Reaktion: \u201eStimmt! 48% AKW-Ablehner, das wird die Atomindustrie sehr beunruhigen!\u201c<\/p>\n<p>Cavelty: \u201eNein, f\u00fcr Sie! Sie haben deutlich verloren.\u201c<\/p>\n<p>Ich: \u201eWieso?! Wir stehen zurzeit 15% \u00fcber dem Ergebnis des Kantons Bern zum Atomausstieg in der Abstimmung 2003.\u201c<\/p>\n<p>Worauf Herrn Cavelty doch ein ganz klein wenig die Spucke weg blieb und er sich unsere Haltung ausf\u00fchrlich erkl\u00e4ren liess. Ich lasse diese Erkl\u00e4rung hier weg, <a href=\"http:\/\/www.greenpeace.org\/switzerland\/de\/News_Stories\/Newsblog\/warm-laufen-in-bern\/blog\/33304\" target=\"_self\" rel=\"noopener noreferrer\">sie steht in meinem ersten Blogeintrag von heute<\/a>. Nur sein letztes Statement sei hier wieder gegeben:<\/p>\n<p>\u201eUnd sie rechnen sich also aus, dass sie die letzten 2 \u2013 3% auch schweizweit dazu gewinnen k\u00f6nnen.\u201c<\/p>\n<p>Ich: \u201eGenau. Das wird ein grosser Brocken Arbeit. Doch unm\u00f6glich wird das nicht.\u201c<\/p>\n<p>Was wundersch\u00f6n ist, dass die Stadt Bern mit sagenhaften 30&#8217;000 Nein- zu 15\u2019000-Ja-Stimmen den Neubau von M\u00fchleberg ablehnt; eine doppelte \u00dcbermacht an AKW-KritikerInnen. Ich glaube, ich umarme heute Abend jede zweite Bernerin auf der Strasse. Oder \u2013 taktisch kl\u00fcger vielleicht \u2013 jede dritte??<\/p>\n<p>Die Stimmbeteiligung betr\u00e4t 51.9%, was uns zeigt, dass das Ergebnis sehr repr\u00e4sentativ f\u00fcr die Berner Stimmbev\u00f6lkerung insgesamt sein k\u00f6nnte.<\/p>\n<\/div>\n<\/div>\n","protected":false},"excerpt":{"rendered":"<p>Kaspar Schuler, Kampagnenleiter Klima &#038; Energie, aus dem Rest. L\u00f6tschberg, Bern:Bleibt es definitiv beim sagenhaft guten Ergebnis von 48% Nein-Stimmen?Die Spannung steigt \u2013 und ein Journalist staunt \u00fcber unsere gute&hellip;<\/p>\n","protected":false},"author":23,"featured_media":15156,"comment_status":"closed","ping_status":"open","sticky":false,"template":"","format":"standard","meta":{"_acf_changed":false,"_planet4_optimize_post_is_variant":false,"_planet4_optimize_experiment_name":"","_planet4_optimize_variant_name":"","ep_exclude_from_search":false,"p4_og_title":"","p4_og_description":"","p4_og_image":"","p4_og_image_id":"","p4_seo_canonical_url":"","p4_campaign_name":"","p4_local_project":"","p4_basket_name":"","p4_department":"","footnotes":""},"categories":[1],"tags":[42],"p4-page-type":[75],"gpch-article-type":[],"class_list":["post-15176","post","type-post","status-publish","format-standard","has-post-thumbnail","hentry","category-unkategorisiert","tag-energie","p4-page-type-story"],"acf":[],"_links":{"self":[{"href":"https:\/\/www.greenpeace.ch\/de\/wp-json\/wp\/v2\/posts\/15176","targetHints":{"allow":["GET"]}}],"collection":[{"href":"https:\/\/www.greenpeace.ch\/de\/wp-json\/wp\/v2\/posts"}],"about":[{"href":"https:\/\/www.greenpeace.ch\/de\/wp-json\/wp\/v2\/types\/post"}],"author":[{"embeddable":true,"href":"https:\/\/www.greenpeace.ch\/de\/wp-json\/wp\/v2\/users\/23"}],"replies":[{"embeddable":true,"href":"https:\/\/www.greenpeace.ch\/de\/wp-json\/wp\/v2\/comments?post=15176"}],"version-history":[{"count":0,"href":"https:\/\/www.greenpeace.ch\/de\/wp-json\/wp\/v2\/posts\/15176\/revisions"}],"wp:featuredmedia":[{"embeddable":true,"href":"https:\/\/www.greenpeace.ch\/de\/wp-json\/wp\/v2\/media\/15156"}],"wp:attachment":[{"href":"https:\/\/www.greenpeace.ch\/de\/wp-json\/wp\/v2\/media?parent=15176"}],"wp:term":[{"taxonomy":"category","embeddable":true,"href":"https:\/\/www.greenpeace.ch\/de\/wp-json\/wp\/v2\/categories?post=15176"},{"taxonomy":"post_tag","embeddable":true,"href":"https:\/\/www.greenpeace.ch\/de\/wp-json\/wp\/v2\/tags?post=15176"},{"taxonomy":"p4-page-type","embeddable":true,"href":"https:\/\/www.greenpeace.ch\/de\/wp-json\/wp\/v2\/p4-page-type?post=15176"},{"taxonomy":"gpch-article-type","embeddable":true,"href":"https:\/\/www.greenpeace.ch\/de\/wp-json\/wp\/v2\/gpch-article-type?post=15176"}],"curies":[{"name":"wp","href":"https:\/\/api.w.org\/{rel}","templated":true}]}}