{"id":15182,"date":"2011-02-10T00:00:00","date_gmt":"2011-02-09T22:00:00","guid":{"rendered":"https:\/\/master.greenpeace.ch\/beitrag\/15182\/falschinformation-der-muehleberg-befuerworter\/"},"modified":"2019-05-30T12:54:19","modified_gmt":"2019-05-30T10:54:19","slug":"falschinformation-der-muehleberg-befuerworter","status":"publish","type":"post","link":"https:\/\/www.greenpeace.ch\/de\/story\/15182\/falschinformation-der-muehleberg-befuerworter\/","title":{"rendered":"Falschinformation der M\u00fchleberg-Bef\u00fcrworter"},"content":{"rendered":"<p><b>Mit dem irref\u00fchrenden Inserat \u201eM\u00fchleberg statt CO2-Dreckschleuder!\u201c welches wiederholt in Printmedien im Kanton Bern publiziert wurde, m\u00f6chte das Komitee \u201eJa zu M\u00fchleberg\u201c den Bernerinnen und Bernern suggerieren, dass es die \u201eklimafreundliche Kernenergie\u201c brauche und dies die bessere L\u00f6sung sei als das im Bau befindliche \u201eGaskraftwerk\u201c Forsthaus West. Die Atomkraftwerks-Bef\u00fcrworter argumentieren mit zus\u00e4tzlichen 100&#8217;000 Tonnen CO2 pro Jahr durch den Bau des Kraftwerks.<\/b><\/p>\n<div class=\"post-content\">\n<div>\n<p><img loading=\"lazy\" decoding=\"async\" style=\"float: left; margin-left: 10px; margin-right: 10px;\" src=\"https:\/\/www.greenpeace.ch\/static\/planet4-switzerland-stateless\/2019\/05\/6d0e0249-6d0e0249-17394_33877.jpg\" alt=\"Bildquelle: ewb.ch \" width=\"300\" height=\"200\"><img loading=\"lazy\" decoding=\"async\" src=\"https:\/\/www.greenpeace.ch\/static\/planet4-switzerland-stateless\/2019\/05\/dc04232b-dc04232b-17393_33873.jpg\" alt=\"\" width=\"4\" height=\"3\">Mit dem irref\u00fchrenden Inserat \u201eM\u00fchleberg statt CO2-Dreckschleuder!\u201c welches wiederholt in Printmedien im Kanton Bern publiziert wurde, m\u00f6chte das Komitee \u201eJa zu M\u00fchleberg\u201c den Bernerinnen und Bernern suggerieren, dass es die \u201eklimafreundliche Kernenergie\u201c brauche und dies die bessere L\u00f6sung sei als das im Bau befindliche \u201eGaskraftwerk\u201c Forsthaus West. Die Atomkraftwerks-Bef\u00fcrworter argumentieren mit zus\u00e4tzlichen 100&#8217;000 Tonnen CO2 pro Jahr durch den Bau des Kraftwerks.<\/p>\n<p>Auch die BKW benutzt dieses Argument und schreibt in ihrer \u201eInformationszeitung\u201c, dass die Stadt Bern \u201eeinen grossen Teil der Kernenergie durch ein Gaskraftwerk ersetzen\u201c muss.<\/p>\n<p>Gemeint ist das Kombikraftwerk in der neuen Kehrichtverbrennungsanlage Forsthaus von EnergieWasserBern (EWB), wo auch Gas verbrannt werden wird. Es handelt sich um einen Anlageverbund aus Kehrichtverbrennungsanlage, Holzschnitzelverbrennung und GasKOMBIkraftwerk.<\/p>\n<p>Tatsache ist jedoch, dass Forsthaus West in der Gesamtbilanz zu einer CO2 Reduktion f\u00fchren wird. Denn ineffiziente \u00d6lheizungen werden in Zukunft durch Fernw\u00e4rme aus diesem Anlageverbund ersetzt, der gleichzeitig W\u00e4rme und Strom produziert und Abfall vernichtet. Unter dem Strich resultiert eine CO2-Einsparung.<\/p>\n<p>Neben der Desinformation zum Kombikraftwerk, wo eine Zunahme an CO2-Emissionen suggeriert wird, argumentieren die AKW-Bef\u00fcrworter immer wieder mit \u201eCO2-freiem Strom\u201c von Atomkraftwerken, wie z.B. in der \u201eInformationszeitung\u201c der BKW. Diesen \u201eCO2-freien Strom\u201c gibt es nicht, denn AKWs \u2013 wie auch andere Kraftwerkstypen \u2013 kommen nicht ohne CO2-intensive Rohstoffe wie Beton und Stahl aus. Und durch Uranabbau und -aufbereitung finden auch CO2-Emissionen statt \u2013 und durch schwindende Uranressourcen zuk\u00fcnftig immer gr\u00f6ssere.<\/p>\n<p>EWB reagierte nun in einem <a href=\"http:\/\/www.bernerzeitung.ch\/region\/Bern-haelt-sich-zurueck\/story\/10211399\">Artikel<\/a> in der Berner Zeitung\u00a0auf das irref\u00fchrende Inserat des oben genannten Komitees und best\u00e4tigt, dass die Fakten wissentlich verzerrt werden. Trotz Intervention sei das Inserat wiederholt publiziert worden. EWB und die Stadt Bern werden sich jedoch erst nach der M\u00fchleberg-Abstimmung dazu \u00e4ussern und die Fakten richtig stellen, um nicht in der heissen Phase des Abstimmungskampfes einzugreifen.<\/p>\n<ul>\n<li><a href=\"http:\/\/www.bernerzeitung.ch\/region\/Bern-haelt-sich-zurueck\/story\/10211399\">Artikel<\/a> Berner Zeitung\u00a0<\/li>\n<li><a href=\"http:\/\/naturschutz.ch\/news\/der-okoblog-falschinformationen-der-bkw-im-berner-abstimmungskampf\/34213\">Informationen<\/a> zur Propaganda      der BKW<\/li>\n<\/ul>\n<ul>\n<\/ul>\n<\/div>\n<\/div>\n","protected":false},"excerpt":{"rendered":"<p>Mit dem irref\u00fchrenden Inserat \u201eM\u00fchleberg statt CO2-Dreckschleuder!\u201c welches wiederholt in Printmedien im Kanton Bern publiziert wurde, m\u00f6chte das Komitee \u201eJa zu M\u00fchleberg\u201c den Bernerinnen und Bernern suggerieren, dass es die&hellip;<\/p>\n","protected":false},"author":23,"featured_media":15184,"comment_status":"closed","ping_status":"open","sticky":false,"template":"","format":"standard","meta":{"_acf_changed":false,"_planet4_optimize_post_is_variant":false,"_planet4_optimize_experiment_name":"","_planet4_optimize_variant_name":"","ep_exclude_from_search":false,"p4_og_title":"","p4_og_description":"","p4_og_image":"","p4_og_image_id":"","p4_seo_canonical_url":"","p4_campaign_name":"","p4_local_project":"","p4_basket_name":"","p4_department":"","footnotes":""},"categories":[1],"tags":[42],"p4-page-type":[75],"gpch-article-type":[],"class_list":["post-15182","post","type-post","status-publish","format-standard","has-post-thumbnail","hentry","category-unkategorisiert","tag-energie","p4-page-type-story"],"acf":[],"_links":{"self":[{"href":"https:\/\/www.greenpeace.ch\/de\/wp-json\/wp\/v2\/posts\/15182","targetHints":{"allow":["GET"]}}],"collection":[{"href":"https:\/\/www.greenpeace.ch\/de\/wp-json\/wp\/v2\/posts"}],"about":[{"href":"https:\/\/www.greenpeace.ch\/de\/wp-json\/wp\/v2\/types\/post"}],"author":[{"embeddable":true,"href":"https:\/\/www.greenpeace.ch\/de\/wp-json\/wp\/v2\/users\/23"}],"replies":[{"embeddable":true,"href":"https:\/\/www.greenpeace.ch\/de\/wp-json\/wp\/v2\/comments?post=15182"}],"version-history":[{"count":0,"href":"https:\/\/www.greenpeace.ch\/de\/wp-json\/wp\/v2\/posts\/15182\/revisions"}],"wp:featuredmedia":[{"embeddable":true,"href":"https:\/\/www.greenpeace.ch\/de\/wp-json\/wp\/v2\/media\/15184"}],"wp:attachment":[{"href":"https:\/\/www.greenpeace.ch\/de\/wp-json\/wp\/v2\/media?parent=15182"}],"wp:term":[{"taxonomy":"category","embeddable":true,"href":"https:\/\/www.greenpeace.ch\/de\/wp-json\/wp\/v2\/categories?post=15182"},{"taxonomy":"post_tag","embeddable":true,"href":"https:\/\/www.greenpeace.ch\/de\/wp-json\/wp\/v2\/tags?post=15182"},{"taxonomy":"p4-page-type","embeddable":true,"href":"https:\/\/www.greenpeace.ch\/de\/wp-json\/wp\/v2\/p4-page-type?post=15182"},{"taxonomy":"gpch-article-type","embeddable":true,"href":"https:\/\/www.greenpeace.ch\/de\/wp-json\/wp\/v2\/gpch-article-type?post=15182"}],"curies":[{"name":"wp","href":"https:\/\/api.w.org\/{rel}","templated":true}]}}