{"id":15192,"date":"2011-02-11T00:00:00","date_gmt":"2011-02-10T22:00:00","guid":{"rendered":"https:\/\/master.greenpeace.ch\/beitrag\/15192\/oelunfall-in-dalian-fotodokumentation-ausgezeichnet\/"},"modified":"2019-05-30T12:54:32","modified_gmt":"2019-05-30T10:54:32","slug":"oelunfall-in-dalian-fotodokumentation-ausgezeichnet","status":"publish","type":"post","link":"https:\/\/www.greenpeace.ch\/de\/story\/15192\/oelunfall-in-dalian-fotodokumentation-ausgezeichnet\/","title":{"rendered":"\u00d6lunfall in Dalian &#8211; Fotodokumentation ausgezeichnet"},"content":{"rendered":"<p><b>Er gilt als eine der weltweit h\u00f6chsten Auszeichnungen f\u00fcr Fotografen: der World Press Photo Award.<\/b><\/p>\n<div class=\"post-content\">\n<div>\n<p><img decoding=\"async\" style=\"float: left; margin-left: 5px; margin-right: 5px;\" src=\"https:\/\/www.greenpeace.ch\/static\/planet4-switzerland-stateless\/2019\/05\/1c8b749b-1c8b749b-17492_34100.jpg\" alt=\"\" width=\"250\"><strong>Er gilt als eine der weltweit h\u00f6chsten Auszeichnungen f\u00fcr Fotografen: der World Press Photo Award.<\/strong><\/p>\n<p>Lu Guang, der f\u00fcr <span lang=\"en\">Greenpeace<\/span> China fotografiert, hat einen der begehrten Preise in der Kategorie  Spot News erhalten. Seine Fotoserie dokumentiert den tragischen Tod von  Zhang Liang nach einem \u00d6lunfall in China.<\/p>\n<p>\u00abWir begl\u00fcckw\u00fcnschen Lu Guang zu dieser Auszeichnung\u00bb, sagt Xiajun Wang von Greenpeace China. Das chinesische B\u00fcro hatte den Fotografen mit der Dokumentation  der \u00d6lpest in Dalian beauftragt. <strong>Wang erinnert an den traurigen  Hintergrund der preisgekr\u00f6nten Fotoserie: \u00abDie Aufnahmen machen uns den unn\u00f6tigen Verlust eines Menschenlebens bewusst.\u00bb<\/strong><\/p>\n<p><a href=\"http:\/\/www.worldpressphoto.org\/index.php?option=com_photogallery&amp;task=view&amp;id=2032&amp;Itemid=292&amp;bandwidth=high\" target=\"_blank\" rel=\"noopener noreferrer\">http:\/\/www.worldpressphoto.org\/index.php?option=com_photogallery&amp;task=view&amp;id=2032&amp;Itemid=292&amp;bandwidth=high<\/a><\/p>\n<\/div>\n<\/div>\n","protected":false},"excerpt":{"rendered":"<p>Er gilt als eine der weltweit h\u00f6chsten Auszeichnungen f\u00fcr Fotografen: der World Press Photo Award. Er gilt als eine der weltweit h\u00f6chsten Auszeichnungen f\u00fcr Fotografen: der World Press Photo Award.&hellip;<\/p>\n","protected":false},"author":23,"featured_media":15194,"comment_status":"closed","ping_status":"open","sticky":false,"template":"","format":"standard","meta":{"_acf_changed":false,"_planet4_optimize_post_is_variant":false,"_planet4_optimize_experiment_name":"","_planet4_optimize_variant_name":"","ep_exclude_from_search":false,"p4_og_title":"","p4_og_description":"","p4_og_image":"","p4_og_image_id":"","p4_seo_canonical_url":"","p4_campaign_name":"","p4_local_project":"","p4_basket_name":"","p4_department":"","footnotes":""},"categories":[1],"tags":[50],"p4-page-type":[75],"gpch-article-type":[],"class_list":["post-15192","post","type-post","status-publish","format-standard","has-post-thumbnail","hentry","category-unkategorisiert","tag-klima","p4-page-type-story"],"acf":[],"_links":{"self":[{"href":"https:\/\/www.greenpeace.ch\/de\/wp-json\/wp\/v2\/posts\/15192","targetHints":{"allow":["GET"]}}],"collection":[{"href":"https:\/\/www.greenpeace.ch\/de\/wp-json\/wp\/v2\/posts"}],"about":[{"href":"https:\/\/www.greenpeace.ch\/de\/wp-json\/wp\/v2\/types\/post"}],"author":[{"embeddable":true,"href":"https:\/\/www.greenpeace.ch\/de\/wp-json\/wp\/v2\/users\/23"}],"replies":[{"embeddable":true,"href":"https:\/\/www.greenpeace.ch\/de\/wp-json\/wp\/v2\/comments?post=15192"}],"version-history":[{"count":0,"href":"https:\/\/www.greenpeace.ch\/de\/wp-json\/wp\/v2\/posts\/15192\/revisions"}],"wp:featuredmedia":[{"embeddable":true,"href":"https:\/\/www.greenpeace.ch\/de\/wp-json\/wp\/v2\/media\/15194"}],"wp:attachment":[{"href":"https:\/\/www.greenpeace.ch\/de\/wp-json\/wp\/v2\/media?parent=15192"}],"wp:term":[{"taxonomy":"category","embeddable":true,"href":"https:\/\/www.greenpeace.ch\/de\/wp-json\/wp\/v2\/categories?post=15192"},{"taxonomy":"post_tag","embeddable":true,"href":"https:\/\/www.greenpeace.ch\/de\/wp-json\/wp\/v2\/tags?post=15192"},{"taxonomy":"p4-page-type","embeddable":true,"href":"https:\/\/www.greenpeace.ch\/de\/wp-json\/wp\/v2\/p4-page-type?post=15192"},{"taxonomy":"gpch-article-type","embeddable":true,"href":"https:\/\/www.greenpeace.ch\/de\/wp-json\/wp\/v2\/gpch-article-type?post=15192"}],"curies":[{"name":"wp","href":"https:\/\/api.w.org\/{rel}","templated":true}]}}