{"id":15196,"date":"2011-02-10T00:00:00","date_gmt":"2011-02-09T22:00:00","guid":{"rendered":"https:\/\/master.greenpeace.ch\/beitrag\/15196\/strom-fuer-morn\/"},"modified":"2019-05-30T12:54:37","modified_gmt":"2019-05-30T10:54:37","slug":"strom-fuer-morn","status":"publish","type":"post","link":"https:\/\/www.greenpeace.ch\/de\/story\/15196\/strom-fuer-morn\/","title":{"rendered":"\u00abStrom f\u00fcr morn\u00bb"},"content":{"rendered":"<p><b>Lancierung einer \u00fcberparteilichen Volksinitiative im Kanton Z\u00fcrich<\/b><\/p>\n<div class=\"post-content\">\n<div>\n<h2><img decoding=\"async\" style=\"float: left; margin-left: 5px; margin-right: 5px;\" src=\"https:\/\/www.greenpeace.ch\/static\/planet4-switzerland-stateless\/2019\/05\/3dd38c77-3dd38c77-17390_33867.jpg\" alt=\"\">Lancierung einer \u00fcberparteilichen Volksinitiative im Kanton Z\u00fcrich<\/h2>\n<p>Strom f\u00fcr morn &#8211; f\u00fcr eine Stromversorgung aus 100% erneuerbaren Energien<\/p>\n<p>Ein breit abgest\u00fctztes Personenkomitee mit Mitgliedern aus sechs Parteien (CVP, EVP, FDP, glp, Gr\u00fcne und SP) lanciert eine kantonale Volksinitiative \u201eStrom f\u00fcr morn\u201c.<\/p>\n<p>Sie will den Kanton, bzw. die Elektrizit\u00e4tswerke im Kanton Z\u00fcrich verpflichten, neue Beteiligungen und Bezugsvertr\u00e4ge auf erneuerbare Energien auszurichten. Mit einem heutigen Anteil von bloss 25% an erneuerbarem Strom, geh\u00f6ren die EKZ punkto sauberem Strom zu den Schlusslichtern unter den schweizerischen Elektrizit\u00e4tswerken.<\/p>\n<p>Der Kanton Z\u00fcrich und die \u00fcbrige Schweiz verf\u00fcgen \u00fcber grosse ungenutzte Potentiale zur sauberen Stromerzeugung aus Wasserkraft, Windenergie, Sonne und Biomasse. Wenn wir mit Energieeffizienz ernst machen, dann k\u00f6nnen erneuerbare Energien in Zukunft den Bedarf decken. Sie erh\u00f6hen die Unabh\u00e4ngigkeit von Brennstoffen aus dem Ausland und verbessern die Versorgungssicherheit. Die kostenlosen erneuerbaren Prim\u00e4renergien Wasser, Wind, Sonne und Erdw\u00e4rme stehen reichlich zur Verf\u00fcgung und machen die Versorgung kostensicher. Teure Altlasten (CO2, Atomm\u00fcll) und Sicherheitsrisiken f\u00fcr die heute lebenden und f\u00fcr die nachfolgenden Generationen k\u00f6nnen so vermieden werden.<\/p>\n<p>Mehr Informationen: <a title=\"Strom f\u00fcr morn\" href=\"http:\/\/www.stromfuermorn.ch\/\" target=\"_blank\" rel=\"noopener noreferrer\">www.stromfuermorn.ch<\/a><\/p>\n<\/div>\n<\/div>\n","protected":false},"excerpt":{"rendered":"<p>Lancierung einer \u00fcberparteilichen Volksinitiative im Kanton Z\u00fcrich Lancierung einer \u00fcberparteilichen Volksinitiative im Kanton Z\u00fcrich Strom f\u00fcr morn &#8211; f\u00fcr eine Stromversorgung aus 100% erneuerbaren Energien Ein breit abgest\u00fctztes Personenkomitee mit&hellip;<\/p>\n","protected":false},"author":23,"featured_media":15198,"comment_status":"closed","ping_status":"open","sticky":false,"template":"","format":"standard","meta":{"_acf_changed":false,"_planet4_optimize_post_is_variant":false,"_planet4_optimize_experiment_name":"","_planet4_optimize_variant_name":"","ep_exclude_from_search":false,"p4_og_title":"","p4_og_description":"","p4_og_image":"","p4_og_image_id":"","p4_seo_canonical_url":"","p4_campaign_name":"","p4_local_project":"","p4_basket_name":"","p4_department":"","footnotes":""},"categories":[1],"tags":[50],"p4-page-type":[75],"gpch-article-type":[],"class_list":["post-15196","post","type-post","status-publish","format-standard","has-post-thumbnail","hentry","category-unkategorisiert","tag-klima","p4-page-type-story"],"acf":[],"_links":{"self":[{"href":"https:\/\/www.greenpeace.ch\/de\/wp-json\/wp\/v2\/posts\/15196","targetHints":{"allow":["GET"]}}],"collection":[{"href":"https:\/\/www.greenpeace.ch\/de\/wp-json\/wp\/v2\/posts"}],"about":[{"href":"https:\/\/www.greenpeace.ch\/de\/wp-json\/wp\/v2\/types\/post"}],"author":[{"embeddable":true,"href":"https:\/\/www.greenpeace.ch\/de\/wp-json\/wp\/v2\/users\/23"}],"replies":[{"embeddable":true,"href":"https:\/\/www.greenpeace.ch\/de\/wp-json\/wp\/v2\/comments?post=15196"}],"version-history":[{"count":0,"href":"https:\/\/www.greenpeace.ch\/de\/wp-json\/wp\/v2\/posts\/15196\/revisions"}],"wp:featuredmedia":[{"embeddable":true,"href":"https:\/\/www.greenpeace.ch\/de\/wp-json\/wp\/v2\/media\/15198"}],"wp:attachment":[{"href":"https:\/\/www.greenpeace.ch\/de\/wp-json\/wp\/v2\/media?parent=15196"}],"wp:term":[{"taxonomy":"category","embeddable":true,"href":"https:\/\/www.greenpeace.ch\/de\/wp-json\/wp\/v2\/categories?post=15196"},{"taxonomy":"post_tag","embeddable":true,"href":"https:\/\/www.greenpeace.ch\/de\/wp-json\/wp\/v2\/tags?post=15196"},{"taxonomy":"p4-page-type","embeddable":true,"href":"https:\/\/www.greenpeace.ch\/de\/wp-json\/wp\/v2\/p4-page-type?post=15196"},{"taxonomy":"gpch-article-type","embeddable":true,"href":"https:\/\/www.greenpeace.ch\/de\/wp-json\/wp\/v2\/gpch-article-type?post=15196"}],"curies":[{"name":"wp","href":"https:\/\/api.w.org\/{rel}","templated":true}]}}