{"id":15200,"date":"2011-02-04T00:00:00","date_gmt":"2011-02-03T22:00:00","guid":{"rendered":"https:\/\/master.greenpeace.ch\/beitrag\/15200\/greenpeace-gewinnt-bei-filmfestival\/"},"modified":"2019-05-30T12:54:40","modified_gmt":"2019-05-30T10:54:40","slug":"greenpeace-gewinnt-bei-filmfestival","status":"publish","type":"post","link":"https:\/\/www.greenpeace.ch\/de\/story\/15200\/greenpeace-gewinnt-bei-filmfestival\/","title":{"rendered":"Greenpeace gewinnt bei Filmfestival"},"content":{"rendered":"<p><b>Der Greenpeace-Film \u00abThe Ancient Forests\u00bb\u00a0wurde im Rahmen des International Forest Film Festivals (IFFF) in den Vereinigten Staaten aus 165 Einreichungen ausgew\u00e4hlt und mit einem Jurypreis ausgezeichnet. Der Film wird am 2. Februar von den Vereinten Nationen beim Start-Event des Internationalen Jahres der W\u00e4lder in New York Delegierten aus 192 L\u00e4ndern pr\u00e4sentiert.<\/b><\/p>\n<div class=\"post-content\">\n<div>\n<p>Der Greenpeace-Film \u00ab<a style=\"text-decoration: underline; color: #006600; line-height: 16px; font-weight: bold;\" href=\"https:\/\/www.youtube.com\/watch?v=ZiS457_YSUY\" target=\"_blank\" rel=\"noopener noreferrer\">The Ancient Forests<\/a>\u00bb\u00a0wurde im Rahmen des International Forest Film Festivals (IFFF) in den Vereinigten Staaten aus 165 Einreichungen ausgew\u00e4hlt und mit einem Jurypreis ausgezeichnet. Der Film wird am 2. Februar von den Vereinten Nationen beim Start-Event des Internationalen Jahres der W\u00e4lder in New York Delegierten aus 192 L\u00e4ndern pr\u00e4sentiert.<\/p>\n<p><iframe loading=\"lazy\" frameborder=\"0\" height=\"345\" src=\"https:\/\/www.youtube.com\/embed\/ZiS457_YSUY\" title=\"YouTube video player\" width=\"560\"><\/iframe><\/p>\n<p>Unterst\u00fctzt wurde Greenpeace bei der Produktion des Filmes von drei Hollywood-Gr\u00f6ssen. Andy Serkis, besser bekannt als Gollum in &#171;Herr der Ringe&#187;, hat sich als Darsteller zur Verf\u00fcgung gestellt. Ewan McGregor und David Attenborough sind die Erz\u00e4hler der traurigen Geschichte der Urw\u00e4lder.<\/p>\n<p>Greenpeace k\u00e4mpft weltweit f\u00fcr die Erhaltung der Urw\u00e4lder. J\u00e4hrlich wird eine Urwaldfl\u00e4che in der Gr\u00f6sse Griechenlands abgeholzt. Das bedeutet: Alle zwei Sekunden wird eine Fl\u00e4che so gross wie ein Fussballfeld gerodet. Wenn wir den Klimawandel stoppen wollen, m\u00fcssen wir die verbleibenden Urw\u00e4lder sch\u00fctzen.<\/p>\n<p><strong>UN Jahr der W\u00e4lder<\/strong><\/p>\n<p>Das Jahr 2011 wurde von den Vereinten Nationen zum Internationalen Jahr der W\u00e4lder erkl\u00e4rt. Ziel ist es, das Bewusstsein und das Wissen um die Erhaltung und nachhaltige Entwicklung aller Arten von W\u00e4ldern zum Nutzen heutiger und k\u00fcnftiger Generationen zu f\u00f6rdern. Dabei soll auf die besondere Bedeutung des Waldes und einer nachhaltigen Bewirtschaftung auch im Rahmen der Bek\u00e4mpfung der Armut hingewiesen werden.<\/p>\n<\/div>\n<\/div>\n","protected":false},"excerpt":{"rendered":"<p>Der Greenpeace-Film \u00abThe Ancient Forests\u00bb\u00a0wurde im Rahmen des International Forest Film Festivals (IFFF) in den Vereinigten Staaten aus 165 Einreichungen ausgew\u00e4hlt und mit einem Jurypreis ausgezeichnet. Der Film wird am&hellip;<\/p>\n","protected":false},"author":23,"featured_media":0,"comment_status":"closed","ping_status":"open","sticky":false,"template":"","format":"standard","meta":{"_acf_changed":false,"_planet4_optimize_post_is_variant":false,"_planet4_optimize_experiment_name":"","_planet4_optimize_variant_name":"","ep_exclude_from_search":false,"p4_og_title":"","p4_og_description":"","p4_og_image":"","p4_og_image_id":"","p4_seo_canonical_url":"","p4_campaign_name":"","p4_local_project":"","p4_basket_name":"","p4_department":"","footnotes":""},"categories":[1],"tags":[40],"p4-page-type":[75],"gpch-article-type":[],"class_list":["post-15200","post","type-post","status-publish","format-standard","hentry","category-unkategorisiert","tag-wald","p4-page-type-story"],"acf":[],"_links":{"self":[{"href":"https:\/\/www.greenpeace.ch\/de\/wp-json\/wp\/v2\/posts\/15200","targetHints":{"allow":["GET"]}}],"collection":[{"href":"https:\/\/www.greenpeace.ch\/de\/wp-json\/wp\/v2\/posts"}],"about":[{"href":"https:\/\/www.greenpeace.ch\/de\/wp-json\/wp\/v2\/types\/post"}],"author":[{"embeddable":true,"href":"https:\/\/www.greenpeace.ch\/de\/wp-json\/wp\/v2\/users\/23"}],"replies":[{"embeddable":true,"href":"https:\/\/www.greenpeace.ch\/de\/wp-json\/wp\/v2\/comments?post=15200"}],"version-history":[{"count":0,"href":"https:\/\/www.greenpeace.ch\/de\/wp-json\/wp\/v2\/posts\/15200\/revisions"}],"wp:attachment":[{"href":"https:\/\/www.greenpeace.ch\/de\/wp-json\/wp\/v2\/media?parent=15200"}],"wp:term":[{"taxonomy":"category","embeddable":true,"href":"https:\/\/www.greenpeace.ch\/de\/wp-json\/wp\/v2\/categories?post=15200"},{"taxonomy":"post_tag","embeddable":true,"href":"https:\/\/www.greenpeace.ch\/de\/wp-json\/wp\/v2\/tags?post=15200"},{"taxonomy":"p4-page-type","embeddable":true,"href":"https:\/\/www.greenpeace.ch\/de\/wp-json\/wp\/v2\/p4-page-type?post=15200"},{"taxonomy":"gpch-article-type","embeddable":true,"href":"https:\/\/www.greenpeace.ch\/de\/wp-json\/wp\/v2\/gpch-article-type?post=15200"}],"curies":[{"name":"wp","href":"https:\/\/api.w.org\/{rel}","templated":true}]}}