{"id":15202,"date":"2011-02-08T00:00:00","date_gmt":"2011-02-07T22:00:00","guid":{"rendered":"https:\/\/master.greenpeace.ch\/beitrag\/15202\/die-ubs-macht-einen-ersten-schritt-das-ist-noch-kein-grund-zum-ruhen\/"},"modified":"2019-05-30T12:54:43","modified_gmt":"2019-05-30T10:54:43","slug":"die-ubs-macht-einen-ersten-schritt-das-ist-noch-kein-grund-zum-ruhen","status":"publish","type":"post","link":"https:\/\/www.greenpeace.ch\/de\/story\/15202\/die-ubs-macht-einen-ersten-schritt-das-ist-noch-kein-grund-zum-ruhen\/","title":{"rendered":"Die UBS macht einen ersten Schritt \u2013 das ist noch kein Grund zum Ruhen"},"content":{"rendered":"<p><b>Greenpeace hat Mitte Dezember eine Kampagne lanciert, welche von der UBS die Ver\u00f6ffentlichung ihrer internen Richtlinien zu Gesch\u00e4ften im Palm\u00f6l- und Forstsektor fordert. Anlass dieser Forderung ist die Tatsache, dass UBS mit hoch kontroversen Firmen wie der indonesischen Sinar-Mas-Gruppe im Palm\u00f6l- und Zellstoffsektor Gesch\u00e4fte macht. Die Palm\u00f6l- und Zellstoffproduktion geh\u00f6ren zu den Hauptursachen der schnell voranschreitenden Regenwald- und Torflandzerst\u00f6rung in Indonesien.<\/b><\/p>\n<div class=\"post-content\">\n<div>\n<p>Greenpeace hat Mitte Dezember eine Kampagne lanciert, welche von der UBS die Ver\u00f6ffentlichung ihrer internen Richtlinien zu Gesch\u00e4ften im Palm\u00f6l- und Forstsektor fordert. Anlass dieser Forderung ist die Tatsache, dass UBS mit hoch kontroversen Firmen wie der indonesischen Sinar-Mas-Gruppe im Palm\u00f6l- und Zellstoffsektor Gesch\u00e4fte macht. Die Palm\u00f6l- und Zellstoffproduktion geh\u00f6ren zu den Hauptursachen der schnell voranschreitenden Regenwald- und Torflandzerst\u00f6rung in Indonesien.<\/p>\n<p>Die Bank hat nun vor kurzem eine neue Position publiziert: \u00ab<a href=\"http:\/\/www.ubs.com\/1\/e\/about\/corp_responsibility\/news.html?newsId=187507\">UBS position on relationships with clients and suppliers associated with controversial activities<\/a>\u00bb.\u00a0<\/p>\n<p>Diese Position ist durchaus begr\u00fcssenswert und ein Schritt in die richtige Richtung. Jedoch gen\u00fcgt dieser noch bei weitem nicht. Es stellt sich automatisch die Frage, ob es sich dabei lediglich um eine grobe Zusammenfassung der internen Sektorrichtlinien handelt \u2013 oder ob die vorliegende Position alle erkannten \u00f6kologischen und\u00a0 sozialen Risiken beinhalten soll \u2013 was inhaltlich absolut schwach und ungen\u00fcgend w\u00e4re. Ein weiterer Kommentar zur UBS-Position, verfasst von der amerikanischen Organisation <a href=\"http:\/\/ran.org\/\">Rainforest Action Network<\/a>,\u00a0ist <a href=\"http:\/\/understory.ran.org\/2011\/02\/03\/new-ubs-policy-fizzles\/\">hier zu lesen<\/a>.<\/p>\n<p>Ohne das Vorliegen der vollst\u00e4ndigen Richtlinien haben Anleger und Klienten keine M\u00f6glichkeit einzusch\u00e4tzen, ob eine Bank die mit Umwelt- und Menschenrechtsproblemen verbundenen Risiken richtig anpackt. Die Auswirkungen von Regenwald- und Torflandzerst\u00f6rung haben globale Tragweite \u2013 gerade auch im Hinblick auf den Klimawandel. Es ist h\u00f6chste Zeit, dass auch Akteure im Finanzsektor Verantwortung tragen. Die dringend notwendige Reform des Finanzsektors muss die \u00f6kologische und soziale Seite der Wirtschaft vollst\u00e4ndig ins System integrieren.<\/p>\n<p>Wir fordern deshalb von der UBS sowie allen weiteren Schweizer Finanzinstituten die vollst\u00e4ndige Publikation interner Richtlinien zu Gesch\u00e4ften in heiklen Sektoren wie dem Palm\u00f6l- und Forstsektor.<\/p>\n<p><a href=\"http:\/\/www.greenpeace.org\/switzerland\/de\/Kampagnen\/Wald\/Urwald-in-Indonesien\/Die-UBS-und-Indonesiens-Wald--und-Torfmoorzerstorung\/#a6\">Unterst\u00fctzen Sie unsere Forderung und bestellen sie die an den UBS CEO Herrn Gr\u00fcbel gerichteten Postkarten \u00a0\u00abWir werden nicht ruhen\u00bb.<\/a><\/p>\n<\/div>\n<\/div>\n","protected":false},"excerpt":{"rendered":"<p>Greenpeace hat Mitte Dezember eine Kampagne lanciert, welche von der UBS die Ver\u00f6ffentlichung ihrer internen Richtlinien zu Gesch\u00e4ften im Palm\u00f6l- und Forstsektor fordert. Anlass dieser Forderung ist die Tatsache, dass&hellip;<\/p>\n","protected":false},"author":23,"featured_media":0,"comment_status":"closed","ping_status":"open","sticky":false,"template":"","format":"standard","meta":{"_acf_changed":false,"_planet4_optimize_post_is_variant":false,"_planet4_optimize_experiment_name":"","_planet4_optimize_variant_name":"","ep_exclude_from_search":false,"p4_og_title":"","p4_og_description":"","p4_og_image":"","p4_og_image_id":"","p4_seo_canonical_url":"","p4_campaign_name":"","p4_local_project":"","p4_basket_name":"","p4_department":"","footnotes":""},"categories":[1],"tags":[40],"p4-page-type":[75],"gpch-article-type":[],"class_list":["post-15202","post","type-post","status-publish","format-standard","hentry","category-unkategorisiert","tag-wald","p4-page-type-story"],"acf":[],"_links":{"self":[{"href":"https:\/\/www.greenpeace.ch\/de\/wp-json\/wp\/v2\/posts\/15202","targetHints":{"allow":["GET"]}}],"collection":[{"href":"https:\/\/www.greenpeace.ch\/de\/wp-json\/wp\/v2\/posts"}],"about":[{"href":"https:\/\/www.greenpeace.ch\/de\/wp-json\/wp\/v2\/types\/post"}],"author":[{"embeddable":true,"href":"https:\/\/www.greenpeace.ch\/de\/wp-json\/wp\/v2\/users\/23"}],"replies":[{"embeddable":true,"href":"https:\/\/www.greenpeace.ch\/de\/wp-json\/wp\/v2\/comments?post=15202"}],"version-history":[{"count":0,"href":"https:\/\/www.greenpeace.ch\/de\/wp-json\/wp\/v2\/posts\/15202\/revisions"}],"wp:attachment":[{"href":"https:\/\/www.greenpeace.ch\/de\/wp-json\/wp\/v2\/media?parent=15202"}],"wp:term":[{"taxonomy":"category","embeddable":true,"href":"https:\/\/www.greenpeace.ch\/de\/wp-json\/wp\/v2\/categories?post=15202"},{"taxonomy":"post_tag","embeddable":true,"href":"https:\/\/www.greenpeace.ch\/de\/wp-json\/wp\/v2\/tags?post=15202"},{"taxonomy":"p4-page-type","embeddable":true,"href":"https:\/\/www.greenpeace.ch\/de\/wp-json\/wp\/v2\/p4-page-type?post=15202"},{"taxonomy":"gpch-article-type","embeddable":true,"href":"https:\/\/www.greenpeace.ch\/de\/wp-json\/wp\/v2\/gpch-article-type?post=15202"}],"curies":[{"name":"wp","href":"https:\/\/api.w.org\/{rel}","templated":true}]}}