{"id":15204,"date":"2011-02-08T00:00:00","date_gmt":"2011-02-07T22:00:00","guid":{"rendered":"https:\/\/master.greenpeace.ch\/beitrag\/15204\/solarstrom-an-der-schwelle-zum-wirtschaftlichen-durchbruch\/"},"modified":"2019-05-30T12:54:46","modified_gmt":"2019-05-30T10:54:46","slug":"solarstrom-an-der-schwelle-zum-wirtschaftlichen-durchbruch","status":"publish","type":"post","link":"https:\/\/www.greenpeace.ch\/de\/story\/15204\/solarstrom-an-der-schwelle-zum-wirtschaftlichen-durchbruch\/","title":{"rendered":"Solarstrom an  der Schwelle zum wirtschaftlichen Durchbruch"},"content":{"rendered":"<p><b>Greenpeace International hat vergangene Woche in Zusammenarbeit mit dem Europ\u00e4ischen Industrieverband Photovoltaik (EPIA) die neue Studie Solar Generation 6 ver\u00f6ffentlicht. Der Titel ist Programm: Solarstrom wird in den nachkommenden Generationen als Energietr\u00e4ger eine grosse Rolle spielen. Das gilt auch f\u00fcr die Schweiz.<\/b><\/p>\n<div class=\"post-content\">\n<div>\n<p>Greenpeace International hat vergangene Woche in Zusammenarbeit mit dem Europ\u00e4ischen Industrieverband Photovoltaik (EPIA) die neue Studie <a title=\"Bericht Solar Generation VI\" href=\"http:\/\/www.greenpeace.org\/international\/Global\/international\/publications\/climate\/2011\/Final%20SolarGeneration%20VI%20full%20report%20lr.pdf%20%20\">Solar Generation 6<\/a> ver\u00f6ffentlicht. Der Titel ist Programm: Solarstrom wird in den nachkommenden Generationen als Energietr\u00e4ger eine grosse Rolle spielen. Das gilt auch f\u00fcr die Schweiz.<\/p>\n<p>Wie steht es heute um die weltweite Entwicklung der Stromproduktion mit Photovoltaik? Auf diese Frage gibt der vergangene Woche in Br\u00fcssel vorgestellte Bericht Antworten. Er beschreibt aber auch die bislang unerschlossenen Potentiale und macht Wachstumsprognosen f\u00fcr die n\u00e4chsten Jahre. Erfreuliches Fazit: Die Solar-Photovoltaik (PV) steht an der Schwelle zum wirtschaftlichen Durchbruch. Das belegen unter anderem Zahlen der aktuellen globalen PV-Kapazit\u00e4ten \u2013 n\u00e4mlich 40&#8217;000 Megawatt (entspricht 10 Prozent der globalen AKW-Leistung).<\/p>\n<p>Die neue Studie rechnet weiter vor, dass die europ\u00e4ische Solarbranche bis 2015 Jobs f\u00fcr 600.000 Menschen bereitstellen k\u00f6nnte. Sie\u00a0schl\u00e4gt eine Verdoppelung der globalen Investitionen in die PV-Technologie innerhalb der n\u00e4chsten 5 Jahre vor: von aktuell knapp 40 Milliarden auf 70 Milliarden Euro. Bis 2020 k\u00f6nnte allein Photovoltaik somit bereits 12 % des europ\u00e4ischen Strombedarfs decken \u2013 und bis 2030 9% des weltweiten Strombedarfs.<\/p>\n<p>Der Solar-Markt macht derzeit einen beispiellosen Boom durch. In den vergangenen f\u00fcnf Jahren sind die Preise von Solarstrom um unglaubliche 40% gesunken. Bis 2015 ist ein Preissturz von weiteren 40% zu erwarten. Bis Ende 2012, sp\u00e4testens 2015, werden der PV-Stromerzeugungspreis und der Haushaltsstrompreis auf etwa gleicher H\u00f6he liegen. Dann ist die so genannte Netzparit\u00e4t erreicht.<\/p>\n<p>F\u00fcr die Schweiz bedeutet diese rasante Entwicklung eine einmalige Chance, in die so genannten Clean Technologies zu investieren. Wird diese erkannt, kann die Schweizer Wirtschaft durch den internationalen Boom massiv profitieren: sowohl bei der Forschung als auch bei der Produktion und Installation von Photovoltaik-Zellen. Unsere Energie- und Effizienzexpertin Annette Reiber ist \u00fcberzeugt: \u201eWenn Schweizer Unternehmen auf den fahrenden Zug aufspringen, bringt das nicht nur zahlreiche Arbeitspl\u00e4tze, sondern auch eine nachhaltige Wertsch\u00f6pfung f\u00fcr die Schweiz.\u201c Das ist bei weitem nicht alles: Solarenergie ist die Schl\u00fcsseltechnologie im Kampf gegen den Klimawandel. \u201eHier kann die Schweiz auf internationaler Ebene mit Solarunternehmen wie Meyer Burger eine entscheidende Rolle spielen.\u201c<\/p>\n<p>Warum es sich lohnt, voll auf die Kraft der Sonne zu setzen, und wie sich das konkret anpacken l\u00e4sst, zeigt auch dieser <a href=\"http:\/\/www.swr.de\/odysso\/-\/id=1046894\/did=7544856\/pv=video\/nid=1046894\/1tssl2z\/index.htm\">SWR-Beitrag<\/a> \u00fcber ein Dorf n\u00f6rdlich des Bodensees.<\/p>\n<p><strong>Dokumente:<\/strong><\/p>\n<ul>\n<li>\n<p><strong><a href=\"http:\/\/www.greenpeace.org\/international\/Global\/international\/publications\/climate\/2011\/Final%20SolarGeneration%20VI%20full%20report%20lr.pdf\">Solar Generation VI, ausf\u00fchrlicher Bericht <\/a><\/strong>(englisch, 100 Seiten)<\/p>\n<\/li>\n<li>\n<p><span style=\"font-size: 10px; font-family: Verdana,Arial,Helvetica,sans-serif;\"><a title=\"Zusammenfassung Solar Generation VI\" href=\"http:\/\/www.epia.org\/fileadmin\/EPIA_docs\/public\/Solar_Generation_6_Executive_Summary2.pdf\"><strong>Zusammenfassung <\/strong><\/a><strong>Solar Generation VI <\/strong>(englisch, 16 Seiten)<\/span><\/p>\n<\/li>\n<li>\n<p><span style=\"font-size: 10px; font-family: Verdana,Arial,Helvetica,sans-serif;\">\u00a0<\/span><strong><a href=\"http:\/\/www.greenpeace.de\/themen\/energie\/nachrichten\/artikel\/neuer_report_investitionen_in_solar_verdoppeln\/\">Interview <\/a>mit Energieexperte Sven Teske,<\/strong> Greenpeace Deutschland<\/p>\n<h3><\/h3>\n<\/li>\n<\/ul>\n<\/div>\n<\/div>\n","protected":false},"excerpt":{"rendered":"<p>Greenpeace International hat vergangene Woche in Zusammenarbeit mit dem Europ\u00e4ischen Industrieverband Photovoltaik (EPIA) die neue Studie Solar Generation 6 ver\u00f6ffentlicht. Der Titel ist Programm: Solarstrom wird in den nachkommenden Generationen&hellip;<\/p>\n","protected":false},"author":23,"featured_media":0,"comment_status":"closed","ping_status":"open","sticky":false,"template":"","format":"standard","meta":{"_acf_changed":false,"_planet4_optimize_post_is_variant":false,"_planet4_optimize_experiment_name":"","_planet4_optimize_variant_name":"","ep_exclude_from_search":false,"p4_og_title":"","p4_og_description":"","p4_og_image":"","p4_og_image_id":"","p4_seo_canonical_url":"","p4_campaign_name":"","p4_local_project":"","p4_basket_name":"","p4_department":"","footnotes":""},"categories":[1],"tags":[50],"p4-page-type":[75],"gpch-article-type":[],"class_list":["post-15204","post","type-post","status-publish","format-standard","hentry","category-unkategorisiert","tag-klima","p4-page-type-story"],"acf":[],"_links":{"self":[{"href":"https:\/\/www.greenpeace.ch\/de\/wp-json\/wp\/v2\/posts\/15204","targetHints":{"allow":["GET"]}}],"collection":[{"href":"https:\/\/www.greenpeace.ch\/de\/wp-json\/wp\/v2\/posts"}],"about":[{"href":"https:\/\/www.greenpeace.ch\/de\/wp-json\/wp\/v2\/types\/post"}],"author":[{"embeddable":true,"href":"https:\/\/www.greenpeace.ch\/de\/wp-json\/wp\/v2\/users\/23"}],"replies":[{"embeddable":true,"href":"https:\/\/www.greenpeace.ch\/de\/wp-json\/wp\/v2\/comments?post=15204"}],"version-history":[{"count":0,"href":"https:\/\/www.greenpeace.ch\/de\/wp-json\/wp\/v2\/posts\/15204\/revisions"}],"wp:attachment":[{"href":"https:\/\/www.greenpeace.ch\/de\/wp-json\/wp\/v2\/media?parent=15204"}],"wp:term":[{"taxonomy":"category","embeddable":true,"href":"https:\/\/www.greenpeace.ch\/de\/wp-json\/wp\/v2\/categories?post=15204"},{"taxonomy":"post_tag","embeddable":true,"href":"https:\/\/www.greenpeace.ch\/de\/wp-json\/wp\/v2\/tags?post=15204"},{"taxonomy":"p4-page-type","embeddable":true,"href":"https:\/\/www.greenpeace.ch\/de\/wp-json\/wp\/v2\/p4-page-type?post=15204"},{"taxonomy":"gpch-article-type","embeddable":true,"href":"https:\/\/www.greenpeace.ch\/de\/wp-json\/wp\/v2\/gpch-article-type?post=15204"}],"curies":[{"name":"wp","href":"https:\/\/api.w.org\/{rel}","templated":true}]}}