{"id":15206,"date":"2011-02-07T00:00:00","date_gmt":"2011-02-06T22:00:00","guid":{"rendered":"https:\/\/master.greenpeace.ch\/beitrag\/15206\/aerzte-warnen-vor-neuem-akw-muehleberg\/"},"modified":"2019-05-30T12:54:54","modified_gmt":"2019-05-30T10:54:54","slug":"aerzte-warnen-vor-neuem-akw-muehleberg","status":"publish","type":"post","link":"https:\/\/www.greenpeace.ch\/de\/story\/15206\/aerzte-warnen-vor-neuem-akw-muehleberg\/","title":{"rendered":"\u00c4rzte warnen vor neuem AKW M\u00fchleberg"},"content":{"rendered":"<p><b>Noch ein weiteres Abstimmungskomitee gegen ein neues AKW M\u00fchleberg wurde gegr\u00fcndet (vgl. Greenpeace news vom 2. Februar):<\/b><\/p>\n<div class=\"post-content\">\n<div>\n<p>Noch ein weiteres Abstimmungskomitee gegen ein neues AKW M\u00fchleberg wurde gegr\u00fcndet (vgl. Greenpeace news vom 2. Februar):<\/p>\n<p>Knapp <a title=\"Aerzte gegen M\u00fchleberg II\" href=\"http:\/\/www.bernerzeitung.ch\/region\/kanton-bern\/rzte-warnen-vor-neuem-AKW-Muehleberg\/story\/26673718\">40 \u00c4rztinnen und \u00c4rzte <\/a>aus dem Kanton Bern haben sich letzten Freitag gegen M\u00fchleberg II zusammengeschlossen.<\/p>\n<p>Sogar in einem st\u00f6rungsfreien Betrieb sch\u00e4dige ein Atomkraftwerk die Gesundheit der Menschen, begr\u00fcnden sie die Nein-Parole.<\/p>\n<p>Weitere Info:<\/p>\n<p>http:\/\/www.bernerzeitung.ch\/region\/kanton-bern\/rzte-warnen-vor-neuem-AKW-Muehleberg\/story\/26673718<\/p>\n<\/div>\n<\/div>\n","protected":false},"excerpt":{"rendered":"<p>Noch ein weiteres Abstimmungskomitee gegen ein neues AKW M\u00fchleberg wurde gegr\u00fcndet (vgl. Greenpeace news vom 2. Februar): Noch ein weiteres Abstimmungskomitee gegen ein neues AKW M\u00fchleberg wurde gegr\u00fcndet (vgl. Greenpeace&hellip;<\/p>\n","protected":false},"author":23,"featured_media":0,"comment_status":"closed","ping_status":"open","sticky":false,"template":"","format":"standard","meta":{"_acf_changed":false,"_planet4_optimize_post_is_variant":false,"_planet4_optimize_experiment_name":"","_planet4_optimize_variant_name":"","ep_exclude_from_search":false,"p4_og_title":"","p4_og_description":"","p4_og_image":"","p4_og_image_id":"","p4_seo_canonical_url":"","p4_campaign_name":"","p4_local_project":"","p4_basket_name":"","p4_department":"","footnotes":""},"categories":[1],"tags":[42],"p4-page-type":[75],"gpch-article-type":[],"class_list":["post-15206","post","type-post","status-publish","format-standard","hentry","category-unkategorisiert","tag-energie","p4-page-type-story"],"acf":[],"_links":{"self":[{"href":"https:\/\/www.greenpeace.ch\/de\/wp-json\/wp\/v2\/posts\/15206","targetHints":{"allow":["GET"]}}],"collection":[{"href":"https:\/\/www.greenpeace.ch\/de\/wp-json\/wp\/v2\/posts"}],"about":[{"href":"https:\/\/www.greenpeace.ch\/de\/wp-json\/wp\/v2\/types\/post"}],"author":[{"embeddable":true,"href":"https:\/\/www.greenpeace.ch\/de\/wp-json\/wp\/v2\/users\/23"}],"replies":[{"embeddable":true,"href":"https:\/\/www.greenpeace.ch\/de\/wp-json\/wp\/v2\/comments?post=15206"}],"version-history":[{"count":0,"href":"https:\/\/www.greenpeace.ch\/de\/wp-json\/wp\/v2\/posts\/15206\/revisions"}],"wp:attachment":[{"href":"https:\/\/www.greenpeace.ch\/de\/wp-json\/wp\/v2\/media?parent=15206"}],"wp:term":[{"taxonomy":"category","embeddable":true,"href":"https:\/\/www.greenpeace.ch\/de\/wp-json\/wp\/v2\/categories?post=15206"},{"taxonomy":"post_tag","embeddable":true,"href":"https:\/\/www.greenpeace.ch\/de\/wp-json\/wp\/v2\/tags?post=15206"},{"taxonomy":"p4-page-type","embeddable":true,"href":"https:\/\/www.greenpeace.ch\/de\/wp-json\/wp\/v2\/p4-page-type?post=15206"},{"taxonomy":"gpch-article-type","embeddable":true,"href":"https:\/\/www.greenpeace.ch\/de\/wp-json\/wp\/v2\/gpch-article-type?post=15206"}],"curies":[{"name":"wp","href":"https:\/\/api.w.org\/{rel}","templated":true}]}}