{"id":15209,"date":"2011-02-02T00:00:00","date_gmt":"2011-02-01T22:00:00","guid":{"rendered":"https:\/\/master.greenpeace.ch\/beitrag\/15209\/weitere-komitees-gegen-muehleberg-ii-bauern-seelsorgerinnen-und-jugend\/"},"modified":"2019-05-30T12:55:00","modified_gmt":"2019-05-30T10:55:00","slug":"weitere-komitees-gegen-muehleberg-ii-bauern-seelsorgerinnen-und-jugend","status":"publish","type":"post","link":"https:\/\/www.greenpeace.ch\/de\/story\/15209\/weitere-komitees-gegen-muehleberg-ii-bauern-seelsorgerinnen-und-jugend\/","title":{"rendered":"Weitere Komitees gegen M\u00fchleberg II: Bauern, SeelsorgerInnen und Jugend"},"content":{"rendered":"<p><b><\/b><\/p>\n<div class=\"post-content\">\n<div>\n<p><span><strong><img decoding=\"async\" style=\"vertical-align: middle; margin-top: 10px; margin-bottom: 10px;\" src=\"https:\/\/www.greenpeace.ch\/static\/planet4-switzerland-stateless\/2019\/05\/58e2398a-58e2398a-16901_32495.jpg\" alt=\"\" width=\"605\"><\/strong><\/span><\/p>\n<p><span><strong>Rund 30 Bauernfamilien haben sich einem <\/strong><\/span><span><strong>Komitee \u00abBerner Landwirtschaft gegen M\u00fchleberg II\u00bb<\/strong><\/span><span><strong> angeschlossen. Die Atomenergie schade der Landwirtschaft und verbaue den Bauern eine grosse Zukunftschance, <\/strong><\/span><span>betonten Vertreter des Komitees am heutigen Mittwoch 2. Februar vor den Medien in Bern.<\/span><\/p>\n<p><span>Mehr Information:<\/span><\/p>\n<p><span><a href=\"http:\/\/www.derbund.ch\/bern\/Bauernkomitee-gegen-Muehleberg-II\/story\/22298782\">http:\/\/www.derbund.ch\/bern\/Bauernkomitee-gegen-Muehleberg-II\/story\/22298782<\/a><\/span><\/p>\n<p><span><a href=\"http:\/\/www.derbund.ch\/bern\/Bauernkomitee-gegen-Muehleberg-II\/story\/22298782\"><\/a><\/span><span>Zudem empfiehlt das <\/span><span><strong>Komitee \u00abSeelsorgerinnen und Seelsorger gegen M\u00fchleberg II\u00bb<\/strong> <\/span><span>den Stimmberechtigten des Kantons Bern, am 13. Februar den geplanten Ersatz des Kernkraftwerks M\u00fchleberg abzulehnen. Ethische, wirtschaftliche und sicherheitspolitische Argumente spr\u00e4chen dagegen. Die Zukunft geh\u00f6rt der Energieeffizienz und den erneuerbaren Energien.\u00a0<\/span><\/p>\n<p><a href=\"http:\/\/www.oeku.ch\/de\/documents\/110131_Seelsorgende_gegen_Muehleberg_II.pdf\">http:\/\/www.oeku.ch\/de\/documents\/110131_Seelsorgende_gegen_Muehleberg_II.pdf\u00a0<\/a><\/p>\n<p><a href=\"http:\/\/www.oeku.ch\/de\/documents\/110131_Seelsorgende_gegen_Muehleberg_II.pdf\"><\/a><span>Das <\/span><span><strong>Jugendkomitee \u201eNein zu neuem AKW M\u00fchleberg\u201c<\/strong><\/span><span> ist zum Beispiel auf facebook aktiv und erkl\u00e4rt mit Hilfe von Videos<\/span><span>, <\/span><span>warum die Milliarden besser in erneuerbare Energien statt ein AKW investiert werden sollen und warum wir das strahlende Risiko heute nicht mehr eingehen m\u00fcssen.<\/span><\/p>\n<p><a href=\"http:\/\/www.facebook.com\/pages\/Jugendkomitee-gegen-ein-neues-AKW-Muhleberg-am-13-Februar-2011\/172924779410416\">http:\/\/www.facebook.com\/pages\/Jugendkomitee-gegen-ein-neues-AKW-Muhleberg-am-13-Februar-2011\/172924779410416\u00a0<\/a><\/p>\n<p><a href=\"http:\/\/www.facebook.com\/pages\/Jugendkomitee-gegen-ein-neues-AKW-Muhleberg-am-13-Februar-2011\/172924779410416\"><\/a><span>Informationen zum breit abgest\u00fctzten <\/span><span><strong>Komitee \u201eNein zu neuem AKW M\u00fchleberg\u201c<\/strong><\/span><span><strong> <\/strong>finden Sie hier: <a href=\"http:\/\/www.stopp-neues-akw.ch\/\"><span>http:\/\/www.stopp-neues-akw.ch\/<\/span><\/a><\/span><\/p>\n<\/div>\n<\/div>\n","protected":false},"excerpt":{"rendered":"<p>Rund 30 Bauernfamilien haben sich einem Komitee \u00abBerner Landwirtschaft gegen M\u00fchleberg II\u00bb angeschlossen. Die Atomenergie schade der Landwirtschaft und verbaue den Bauern eine grosse Zukunftschance, betonten Vertreter des Komitees am&hellip;<\/p>\n","protected":false},"author":23,"featured_media":15211,"comment_status":"closed","ping_status":"open","sticky":false,"template":"","format":"standard","meta":{"_acf_changed":false,"_planet4_optimize_post_is_variant":false,"_planet4_optimize_experiment_name":"","_planet4_optimize_variant_name":"","ep_exclude_from_search":false,"p4_og_title":"","p4_og_description":"","p4_og_image":"","p4_og_image_id":"","p4_seo_canonical_url":"","p4_campaign_name":"","p4_local_project":"","p4_basket_name":"","p4_department":"","footnotes":""},"categories":[1],"tags":[50],"p4-page-type":[75],"gpch-article-type":[],"class_list":["post-15209","post","type-post","status-publish","format-standard","has-post-thumbnail","hentry","category-unkategorisiert","tag-klima","p4-page-type-story"],"acf":[],"_links":{"self":[{"href":"https:\/\/www.greenpeace.ch\/de\/wp-json\/wp\/v2\/posts\/15209","targetHints":{"allow":["GET"]}}],"collection":[{"href":"https:\/\/www.greenpeace.ch\/de\/wp-json\/wp\/v2\/posts"}],"about":[{"href":"https:\/\/www.greenpeace.ch\/de\/wp-json\/wp\/v2\/types\/post"}],"author":[{"embeddable":true,"href":"https:\/\/www.greenpeace.ch\/de\/wp-json\/wp\/v2\/users\/23"}],"replies":[{"embeddable":true,"href":"https:\/\/www.greenpeace.ch\/de\/wp-json\/wp\/v2\/comments?post=15209"}],"version-history":[{"count":0,"href":"https:\/\/www.greenpeace.ch\/de\/wp-json\/wp\/v2\/posts\/15209\/revisions"}],"wp:featuredmedia":[{"embeddable":true,"href":"https:\/\/www.greenpeace.ch\/de\/wp-json\/wp\/v2\/media\/15211"}],"wp:attachment":[{"href":"https:\/\/www.greenpeace.ch\/de\/wp-json\/wp\/v2\/media?parent=15209"}],"wp:term":[{"taxonomy":"category","embeddable":true,"href":"https:\/\/www.greenpeace.ch\/de\/wp-json\/wp\/v2\/categories?post=15209"},{"taxonomy":"post_tag","embeddable":true,"href":"https:\/\/www.greenpeace.ch\/de\/wp-json\/wp\/v2\/tags?post=15209"},{"taxonomy":"p4-page-type","embeddable":true,"href":"https:\/\/www.greenpeace.ch\/de\/wp-json\/wp\/v2\/p4-page-type?post=15209"},{"taxonomy":"gpch-article-type","embeddable":true,"href":"https:\/\/www.greenpeace.ch\/de\/wp-json\/wp\/v2\/gpch-article-type?post=15209"}],"curies":[{"name":"wp","href":"https:\/\/api.w.org\/{rel}","templated":true}]}}