{"id":15219,"date":"2011-01-27T00:00:00","date_gmt":"2011-01-26T22:00:00","guid":{"rendered":"https:\/\/master.greenpeace.ch\/beitrag\/15219\/goesgen-ii-nein-danke\/"},"modified":"2019-05-30T12:55:13","modified_gmt":"2019-05-30T10:55:13","slug":"goesgen-ii-nein-danke","status":"publish","type":"post","link":"https:\/\/www.greenpeace.ch\/de\/story\/15219\/goesgen-ii-nein-danke\/","title":{"rendered":"G\u00f6sgen II? Nein danke!"},"content":{"rendered":"<p><b>45 Prozent der Bev\u00f6lkerung im solothurnischen Niederamt lehnen die Pl\u00e4ne f\u00fcr das unter  anderem vom Energiekonzern Alpiq geplante Atomkraftwerk G\u00f6sgen II ab.  Das geht aus einer heute vom Verein Gemeindepr\u00e4sidentenkonferenz  Niederamt (GPN) ver\u00f6ffentlichten Studie hervor. F\u00fcr ein zweites Atomkraftwerk\u00a0\u2013 zus\u00e4tzlich zum seit 1979 bestehenden  AKW G\u00f6sgen\u00a0\u2013 sind 38 Prozent. Weitere 15 Prozent der Befragten geben  sich neutral.<\/b><\/p>\n<div class=\"post-content\">\n<div>\n<p><img decoding=\"async\" style=\"float: left; border: 1px solid black; margin-left: 5px; margin-right: 5px;\" title=\"\u00a9 Fojtu \/ Greenpeace\" src=\"https:\/\/www.greenpeace.ch\/static\/planet4-switzerland-stateless\/2019\/05\/2ccf03d1-2ccf03d1-16699_31946.jpg\" alt=\"\u00a9 Fojtu \/ Greenpeace\" width=\"250\">45 Prozent der Bev\u00f6lkerung im solothurnischen Niederamt lehnen die Pl\u00e4ne f\u00fcr das unter  anderem vom Energiekonzern Alpiq geplante Atomkraftwerk G\u00f6sgen II ab.  Das geht aus einer heute vom Verein Gemeindepr\u00e4sidentenkonferenz  Niederamt (GPN) ver\u00f6ffentlichten Studie hervor. F\u00fcr ein zweites Atomkraftwerk\u00a0\u2013 zus\u00e4tzlich zum seit 1979 bestehenden  AKW G\u00f6sgen\u00a0\u2013 sind 38 Prozent. Weitere 15 Prozent der Befragten geben  sich neutral.<\/p>\n<p>Mit 71% Nein noch viel\u00a0 deutlicher ist der Widerstand der Nieder\u00e4mter gegen ein Tiefenlager f\u00fcr radioaktive Abf\u00e4lle in ihrer Region. Der Imageschaden wird als zu hoch, die\u00a0 volkswirtschaftliche Bedeutung f\u00fcr die Gegend als zu gering erachtet.<\/p>\n<p>Der ebenfalls f\u00fcr ein Tiefenlager zur Diskussioen stehende Kanton Schaffhausen hatte bereits letztes Fr\u00fchjahr eine Studie ver\u00f6ffentlicht zu den gesellschaftlichen und wirtschaftlichen Auswirkungen eines Atomendlagers in der Region. Der darin prophezeite Imageschaden und die Konsequenzen f\u00fcr erhebliche Teile der lokalen Wirtschaft\u00a0 best\u00e4tigten den Kanton in seiner ablehnenden Haltung gegen\u00fcber einem Atomendlager.<\/p>\n<p><a href=\"http:\/\/www.nzz.ch\/nachrichten\/politik\/schweiz\/solothurn_niederamt_gemeinden_befragung_atomkraft_1.9242255.html\" target=\"_blank\" rel=\"noopener noreferrer\">NZZ-Online vom 27.1.2011<\/a><\/p>\n<p><a href=\"http:\/\/www.greenpeace.org\/switzerland\/de\/Kampagnen\/Stromzukunft-Schweiz\/Atomstrom\/Wirtschaftlichkeit-AKW\/\" target=\"_blank\" rel=\"noopener noreferrer\">Wirtschaftlichkeit von AKW<\/a><\/p>\n<p><a href=\"http:\/\/www.greenpeace.org\/switzerland\/de\/Kampagnen\/Stromzukunft-Schweiz\/Stromversorgung\/Wirtschaftlichkeit\/\" target=\"_blank\" rel=\"noopener noreferrer\">Wirtschaftlichkeit Erneuerbaren und Effizienz<\/a><\/p>\n<\/div>\n<\/div>\n","protected":false},"excerpt":{"rendered":"<p>45 Prozent der Bev\u00f6lkerung im solothurnischen Niederamt lehnen die Pl\u00e4ne f\u00fcr das unter anderem vom Energiekonzern Alpiq geplante Atomkraftwerk G\u00f6sgen II ab. Das geht aus einer heute vom Verein Gemeindepr\u00e4sidentenkonferenz&hellip;<\/p>\n","protected":false},"author":23,"featured_media":13015,"comment_status":"closed","ping_status":"open","sticky":false,"template":"","format":"standard","meta":{"_acf_changed":false,"_planet4_optimize_post_is_variant":false,"_planet4_optimize_experiment_name":"","_planet4_optimize_variant_name":"","ep_exclude_from_search":false,"p4_og_title":"","p4_og_description":"","p4_og_image":"","p4_og_image_id":"","p4_seo_canonical_url":"","p4_campaign_name":"","p4_local_project":"","p4_basket_name":"","p4_department":"","footnotes":""},"categories":[1],"tags":[50],"p4-page-type":[75],"gpch-article-type":[],"class_list":["post-15219","post","type-post","status-publish","format-standard","has-post-thumbnail","hentry","category-unkategorisiert","tag-klima","p4-page-type-story"],"acf":[],"_links":{"self":[{"href":"https:\/\/www.greenpeace.ch\/de\/wp-json\/wp\/v2\/posts\/15219","targetHints":{"allow":["GET"]}}],"collection":[{"href":"https:\/\/www.greenpeace.ch\/de\/wp-json\/wp\/v2\/posts"}],"about":[{"href":"https:\/\/www.greenpeace.ch\/de\/wp-json\/wp\/v2\/types\/post"}],"author":[{"embeddable":true,"href":"https:\/\/www.greenpeace.ch\/de\/wp-json\/wp\/v2\/users\/23"}],"replies":[{"embeddable":true,"href":"https:\/\/www.greenpeace.ch\/de\/wp-json\/wp\/v2\/comments?post=15219"}],"version-history":[{"count":0,"href":"https:\/\/www.greenpeace.ch\/de\/wp-json\/wp\/v2\/posts\/15219\/revisions"}],"wp:featuredmedia":[{"embeddable":true,"href":"https:\/\/www.greenpeace.ch\/de\/wp-json\/wp\/v2\/media\/13015"}],"wp:attachment":[{"href":"https:\/\/www.greenpeace.ch\/de\/wp-json\/wp\/v2\/media?parent=15219"}],"wp:term":[{"taxonomy":"category","embeddable":true,"href":"https:\/\/www.greenpeace.ch\/de\/wp-json\/wp\/v2\/categories?post=15219"},{"taxonomy":"post_tag","embeddable":true,"href":"https:\/\/www.greenpeace.ch\/de\/wp-json\/wp\/v2\/tags?post=15219"},{"taxonomy":"p4-page-type","embeddable":true,"href":"https:\/\/www.greenpeace.ch\/de\/wp-json\/wp\/v2\/p4-page-type?post=15219"},{"taxonomy":"gpch-article-type","embeddable":true,"href":"https:\/\/www.greenpeace.ch\/de\/wp-json\/wp\/v2\/gpch-article-type?post=15219"}],"curies":[{"name":"wp","href":"https:\/\/api.w.org\/{rel}","templated":true}]}}