{"id":15230,"date":"2011-01-12T00:00:00","date_gmt":"2011-01-11T22:00:00","guid":{"rendered":"https:\/\/master.greenpeace.ch\/beitrag\/15230\/nein-zum-neuen-akw-muehleberg\/"},"modified":"2019-05-30T12:55:33","modified_gmt":"2019-05-30T10:55:33","slug":"nein-zum-neuen-akw-muehleberg","status":"publish","type":"post","link":"https:\/\/www.greenpeace.ch\/de\/story\/15230\/nein-zum-neuen-akw-muehleberg\/","title":{"rendered":"Nein zum neuen AKW M\u00fchleberg"},"content":{"rendered":"<p><b>Ihre Unterschrift f\u00fcr die Abschaltung von M\u00fchleberg<\/b><\/p>\n<div>\n<p>Wie viele Autos aus den siebziger Jahren sind heute auf den Schweizer Strassen unterwegs? Nur ganz wenige. Das ist auch gut so. Denn Fahrzeuge, die vor 30 Jahren gebaut wurden, entsprechen nicht mehr den aktuellen Sicherheitsstandards.<\/p>\n<div class=\"events-box small-box left\">\n<div class=\"frame\">\n        <a class=\"open-img EnlargeImage\" href=\"https:\/\/www.greenpeace.ch\/static\/planet4-switzerland-stateless\/2019\/05\/9eaad57e-9eaad57e-gp02ej0.jpg\" title=\"Sicherheitszaun ums AKW M\u00fchleberg\"><br \/>\n            <img decoding=\"async\" id=\"ctl00_cphContentArea_Property3_ctl00_ctl02_Image1\" title=\"Sicherheitszaun ums AKW M\u00fchleberg\" class=\"Thumbnail\" src=\"https:\/\/www.greenpeace.ch\/static\/planet4-switzerland-stateless\/2019\/05\/9eaad57e-9eaad57e-gp02ej0.jpg\" alt=\"Sicherheitszaun ums AKW M\u00fchleberg\" style=\"border-width:0px;\"><\/p>\n<p>        <\/a>\n    <\/div>\n<div class=\"events-content\">\n        <span class=\"date\"><\/span><br \/>\n        <strong>Sicherheitszaun ums AKW M\u00fchleberg<\/strong><\/p>\n<p>\n            \u00a9 Greenpeace \/ Ex-Press \/ Markus Forte\n        <\/p>\n<\/p>\n<\/div>\n<\/div>\n<p> Anders das Atomkraftwerk M\u00fchleberg: obwohl es zu den \u00e4ltesten Reaktoren der Welt geh\u00f6rt und nicht mehr dem aktuellen Stand der Technik entspricht, l\u00e4uft es weiter. Seine altersbedingten Sicherheitsdefizite (Risse im Kernmantel, fehlende Hochwassersicherheit etc) sind offenkundig. Da helfen auch noch so teure Nachr\u00fcstungen nichts.<\/p>\n<p><strong>Wir fordern: M\u00fchleberg muss vom Netz.<\/strong> Und zwar so schnell wie m\u00f6glich! <strong>Sind Sie im Kanton Bern stimmberechtigt?<\/strong> Dann setzen auch Sie sich f\u00fcr die Abschaltung des Schrottreaktors M\u00fchleberg ein und unterschreiben Sie die <strong>Volksinitiative \u00abM\u00fchleberg vom Netz\u00bb<\/strong> noch heute!<\/p>\n<div class=\"listings items multy-border\">\n<h3 title=\"Bitte Ausdrucken, Ausf\u00fcllen &amp; Abschicken, Danke!\">Bitte Ausdrucken, Ausf\u00fcllen &amp; Abschicken, Danke!<\/h3>\n<div class=\"\">\n<ul>\n<li class=\"flexible-height\">\n    <a title=\"Unterschriftenbogen\" href=\"https:\/\/www.greenpeace.ch\/wp-content\/uploads\/2017\/01\/InitiativeMhlebergvomNetz.pdf\">Unterschriftenbogen<\/a>\t<\/p>\n<p class=\"contenttype\">Dokument<\/p>\n<\/li>\n<\/ul>\n<\/div>\n<\/div>\n<p>\u00a0\n<\/p>\n<\/div>\n","protected":false},"excerpt":{"rendered":"<p>Ihre Unterschrift f\u00fcr die Abschaltung von M\u00fchleberg Wie viele Autos aus den siebziger Jahren sind heute auf den Schweizer Strassen unterwegs? Nur ganz wenige. Das ist auch gut so. Denn&hellip;<\/p>\n","protected":false},"author":23,"featured_media":15232,"comment_status":"closed","ping_status":"open","sticky":false,"template":"","format":"standard","meta":{"_acf_changed":false,"_planet4_optimize_post_is_variant":false,"_planet4_optimize_experiment_name":"","_planet4_optimize_variant_name":"","ep_exclude_from_search":false,"p4_og_title":"","p4_og_description":"","p4_og_image":"","p4_og_image_id":"","p4_seo_canonical_url":"","p4_campaign_name":"","p4_local_project":"","p4_basket_name":"","p4_department":"","footnotes":""},"categories":[1],"tags":[],"p4-page-type":[75],"gpch-article-type":[],"class_list":["post-15230","post","type-post","status-publish","format-standard","has-post-thumbnail","hentry","category-unkategorisiert","p4-page-type-story"],"acf":[],"_links":{"self":[{"href":"https:\/\/www.greenpeace.ch\/de\/wp-json\/wp\/v2\/posts\/15230","targetHints":{"allow":["GET"]}}],"collection":[{"href":"https:\/\/www.greenpeace.ch\/de\/wp-json\/wp\/v2\/posts"}],"about":[{"href":"https:\/\/www.greenpeace.ch\/de\/wp-json\/wp\/v2\/types\/post"}],"author":[{"embeddable":true,"href":"https:\/\/www.greenpeace.ch\/de\/wp-json\/wp\/v2\/users\/23"}],"replies":[{"embeddable":true,"href":"https:\/\/www.greenpeace.ch\/de\/wp-json\/wp\/v2\/comments?post=15230"}],"version-history":[{"count":0,"href":"https:\/\/www.greenpeace.ch\/de\/wp-json\/wp\/v2\/posts\/15230\/revisions"}],"wp:featuredmedia":[{"embeddable":true,"href":"https:\/\/www.greenpeace.ch\/de\/wp-json\/wp\/v2\/media\/15232"}],"wp:attachment":[{"href":"https:\/\/www.greenpeace.ch\/de\/wp-json\/wp\/v2\/media?parent=15230"}],"wp:term":[{"taxonomy":"category","embeddable":true,"href":"https:\/\/www.greenpeace.ch\/de\/wp-json\/wp\/v2\/categories?post=15230"},{"taxonomy":"post_tag","embeddable":true,"href":"https:\/\/www.greenpeace.ch\/de\/wp-json\/wp\/v2\/tags?post=15230"},{"taxonomy":"p4-page-type","embeddable":true,"href":"https:\/\/www.greenpeace.ch\/de\/wp-json\/wp\/v2\/p4-page-type?post=15230"},{"taxonomy":"gpch-article-type","embeddable":true,"href":"https:\/\/www.greenpeace.ch\/de\/wp-json\/wp\/v2\/gpch-article-type?post=15230"}],"curies":[{"name":"wp","href":"https:\/\/api.w.org\/{rel}","templated":true}]}}