{"id":15234,"date":"2011-01-17T00:00:00","date_gmt":"2011-01-16T22:00:00","guid":{"rendered":"https:\/\/master.greenpeace.ch\/beitrag\/15234\/unvollstaendige-abstimmungsunterlagen-in-bern\/"},"modified":"2019-05-30T12:55:44","modified_gmt":"2019-05-30T10:55:44","slug":"unvollstaendige-abstimmungsunterlagen-in-bern","status":"publish","type":"post","link":"https:\/\/www.greenpeace.ch\/de\/story\/15234\/unvollstaendige-abstimmungsunterlagen-in-bern\/","title":{"rendered":"Unvollst\u00e4ndige Abstimmungsunterlagen in Bern"},"content":{"rendered":"<p><b>Am 13. Februar 2011 befindet das Berner Stimmvolk \u00fcber ein neues  Atomkraftwerk in M\u00fchleberg. Im Abstimmungsb\u00fcchlein wird ein brisantes  \u201cDetail\u201d unterschlagen: neben dem neuen AKW ist auch ein Zwischenlager  in der Gr\u00f6sse von bis zu drei Fussballfeldern f\u00fcr radioaktive Abf\u00e4lle  geplant.<\/b><\/p>\n<div class=\"post-content\">\n<div>\n<p><img loading=\"lazy\" decoding=\"async\" style=\"float: left; margin: 5px;\" src=\"http:\/\/nein-zu-neuen-akw.ch\/wp-content\/uploads\/2011\/01\/illu_muehleberg-300x180.jpg\" alt=\"Illustration des geplanten AKWs M\u00fchleberg. \u00a9 Keystone\" width=\"300\" height=\"180\">Am 13. Februar 2011 befindet das Berner Stimmvolk \u00fcber ein neues  Atomkraftwerk in M\u00fchleberg. Im Abstimmungsb\u00fcchlein wird ein brisantes  \u201cDetail\u201d unterschlagen: neben dem neuen AKW ist auch ein Zwischenlager  in der Gr\u00f6sse von bis zu drei Fussballfeldern f\u00fcr radioaktive Abf\u00e4lle  geplant.<\/p>\n<p>Die BKW sieht keinen Grund zur Besorgnis, da die Zwischenlagerung vor  Ort heute den weltweiten Standards entspr\u00e4che. Diese Ansicht wird von  der Bev\u00f6lkerung nicht geteilt. So sei beispielsweise an  Informationsveranstaltungen im letzten Jahr kein Wort \u00fcber das  Zwischenlager gefallen.<\/p>\n<p>Josef Jenni, Umweltfachmann und Berner CVP-Grossrat: \u201cEin solches  Lager muss in den Abstimmungsunterlagen unbedingt erw\u00e4hnt sein, denn es  stellt ein gr\u00f6sseres Sicherheitsrisiko dar als das AKW selber.\u201d<\/p>\n<p><strong>Medienecho<\/strong><\/p>\n<p><a href=\"http:\/\/www.tagesanzeiger.ch\/schweiz\/standard\/Lager-fuer-hochradioaktiven-Abfall-verheimlicht\/story\/20388489\" target=\"_blank\" rel=\"noopener noreferrer\">http:\/\/www.tagesanzeiger.ch\/schweiz\/standard\/Lager-fuer-hochradioaktiven-Abfall-verheimlicht\/story\/20388489<\/a><\/p>\n<p><a href=\"http:\/\/www.sonntagszeitung.ch\/suche\/artikel-detailseite\/?newsid=163724\" target=\"_blank\" rel=\"noopener noreferrer\">http:\/\/www.sonntagszeitung.ch\/suche\/artikel-detailseite\/?newsid=163724<\/a><\/p>\n<p><a href=\"http:\/\/www.derbund.ch\/bern\/Muehleberg-II-auch-ein-Zwischenlager\/story\/29084978\" target=\"_blank\" rel=\"noopener noreferrer\">http:\/\/www.derbund.ch\/bern\/Muehleberg-II-auch-ein-Zwischenlager\/story\/29084978<\/a><\/p>\n<\/div>\n<\/div>\n","protected":false},"excerpt":{"rendered":"<p>Am 13. Februar 2011 befindet das Berner Stimmvolk \u00fcber ein neues Atomkraftwerk in M\u00fchleberg. Im Abstimmungsb\u00fcchlein wird ein brisantes \u201cDetail\u201d unterschlagen: neben dem neuen AKW ist auch ein Zwischenlager in&hellip;<\/p>\n","protected":false},"author":23,"featured_media":0,"comment_status":"closed","ping_status":"open","sticky":false,"template":"","format":"standard","meta":{"_acf_changed":false,"_planet4_optimize_post_is_variant":false,"_planet4_optimize_experiment_name":"","_planet4_optimize_variant_name":"","ep_exclude_from_search":false,"p4_og_title":"","p4_og_description":"","p4_og_image":"","p4_og_image_id":"","p4_seo_canonical_url":"","p4_campaign_name":"","p4_local_project":"","p4_basket_name":"","p4_department":"","footnotes":""},"categories":[1],"tags":[42],"p4-page-type":[75],"gpch-article-type":[],"class_list":["post-15234","post","type-post","status-publish","format-standard","hentry","category-unkategorisiert","tag-energie","p4-page-type-story"],"acf":[],"_links":{"self":[{"href":"https:\/\/www.greenpeace.ch\/de\/wp-json\/wp\/v2\/posts\/15234","targetHints":{"allow":["GET"]}}],"collection":[{"href":"https:\/\/www.greenpeace.ch\/de\/wp-json\/wp\/v2\/posts"}],"about":[{"href":"https:\/\/www.greenpeace.ch\/de\/wp-json\/wp\/v2\/types\/post"}],"author":[{"embeddable":true,"href":"https:\/\/www.greenpeace.ch\/de\/wp-json\/wp\/v2\/users\/23"}],"replies":[{"embeddable":true,"href":"https:\/\/www.greenpeace.ch\/de\/wp-json\/wp\/v2\/comments?post=15234"}],"version-history":[{"count":0,"href":"https:\/\/www.greenpeace.ch\/de\/wp-json\/wp\/v2\/posts\/15234\/revisions"}],"wp:attachment":[{"href":"https:\/\/www.greenpeace.ch\/de\/wp-json\/wp\/v2\/media?parent=15234"}],"wp:term":[{"taxonomy":"category","embeddable":true,"href":"https:\/\/www.greenpeace.ch\/de\/wp-json\/wp\/v2\/categories?post=15234"},{"taxonomy":"post_tag","embeddable":true,"href":"https:\/\/www.greenpeace.ch\/de\/wp-json\/wp\/v2\/tags?post=15234"},{"taxonomy":"p4-page-type","embeddable":true,"href":"https:\/\/www.greenpeace.ch\/de\/wp-json\/wp\/v2\/p4-page-type?post=15234"},{"taxonomy":"gpch-article-type","embeddable":true,"href":"https:\/\/www.greenpeace.ch\/de\/wp-json\/wp\/v2\/gpch-article-type?post=15234"}],"curies":[{"name":"wp","href":"https:\/\/api.w.org\/{rel}","templated":true}]}}