{"id":15240,"date":"2011-01-03T00:00:00","date_gmt":"2011-01-02T22:00:00","guid":{"rendered":"https:\/\/master.greenpeace.ch\/beitrag\/15240\/neuerungen-der-kev-fuer-2011-im-ueberblick\/"},"modified":"2019-05-30T12:55:56","modified_gmt":"2019-05-30T10:55:56","slug":"neuerungen-der-kev-fuer-2011-im-ueberblick","status":"publish","type":"post","link":"https:\/\/www.greenpeace.ch\/de\/story\/15240\/neuerungen-der-kev-fuer-2011-im-ueberblick\/","title":{"rendered":"Neuerungen der KEV f\u00fcr 2011 im \u00dcberblick"},"content":{"rendered":"<p><b>Die kostendeckende Einspeiseverg\u00fctung (KEV) f\u00fcr Photovoltaik (PV) wird f\u00fcr 2011 um 18% gek\u00fcrzt. Daf\u00fcr wurde das Zubaukontingent 2011 so gross festgelegt, dass die auf der Warteliste stehenden Projekte mit Anmeldedatum vom 1. und 2. Mai 2008 in die F\u00f6rderung aufgenommen werden k\u00f6nnen. Das entspricht 26.4% aller sich auf der Warteliste der KEV befindlichen PV-Projekte oder gut 1800 Anlagen. Ausserdem wurden die F\u00f6rdergelder f\u00fcr PV von 5% auf 10% verdoppelt.\u00a0<\/b><\/p>\n<div class=\"post-content\">\n<div>\n<p>Die kostendeckende Einspeiseverg\u00fctung (KEV) f\u00fcr Photovoltaik (PV) wird f\u00fcr 2011 um 18% gek\u00fcrzt. Daf\u00fcr wurde das Zubaukontingent 2011 so gross festgelegt, dass die auf der Warteliste stehenden Projekte mit Anmeldedatum vom 1. und 2. Mai 2008 in die F\u00f6rderung aufgenommen werden k\u00f6nnen. Das entspricht 26.4% aller sich auf der Warteliste der KEV befindlichen PV-Projekte oder gut 1800 Anlagen. Ausserdem wurden die F\u00f6rdergelder f\u00fcr PV von 5% auf 10% verdoppelt.\u00a0<\/p>\n<p>Insgesamt sind das sehr gute Neuerungen. Mit der Erh\u00f6hung des Zubaukontingents k\u00f6nnten bereits in drei Jahren die jetzigen sich auf der Warteliste der KEV befindlichen PV-Projekte abgearbeitet werden. Die Reduktion der KEV ist eine Anpassung an die sinkenden Produktionskosten\/Preise f\u00fcr PV.\u00a0<\/p>\n<p>Weitere Informationen zur KEV finden Sie unter\u00a0<a href=\"http:\/\/www.swissolar.ch\/de\/strom-von-der-sonne\/foerderung\/\" target=\"_blank\" rel=\"noopener noreferrer\">http:\/\/www.swissolar.ch\/de\/strom-von-der-sonne\/foerderung\/<\/a><\/p>\n<\/div>\n<\/div>\n","protected":false},"excerpt":{"rendered":"<p>Die kostendeckende Einspeiseverg\u00fctung (KEV) f\u00fcr Photovoltaik (PV) wird f\u00fcr 2011 um 18% gek\u00fcrzt. Daf\u00fcr wurde das Zubaukontingent 2011 so gross festgelegt, dass die auf der Warteliste stehenden Projekte mit Anmeldedatum&hellip;<\/p>\n","protected":false},"author":23,"featured_media":0,"comment_status":"closed","ping_status":"open","sticky":false,"template":"","format":"standard","meta":{"_acf_changed":false,"_planet4_optimize_post_is_variant":false,"_planet4_optimize_experiment_name":"","_planet4_optimize_variant_name":"","ep_exclude_from_search":false,"p4_og_title":"","p4_og_description":"","p4_og_image":"","p4_og_image_id":"","p4_seo_canonical_url":"","p4_campaign_name":"","p4_local_project":"","p4_basket_name":"","p4_department":"","footnotes":""},"categories":[1],"tags":[50],"p4-page-type":[75],"gpch-article-type":[],"class_list":["post-15240","post","type-post","status-publish","format-standard","hentry","category-unkategorisiert","tag-klima","p4-page-type-story"],"acf":[],"_links":{"self":[{"href":"https:\/\/www.greenpeace.ch\/de\/wp-json\/wp\/v2\/posts\/15240","targetHints":{"allow":["GET"]}}],"collection":[{"href":"https:\/\/www.greenpeace.ch\/de\/wp-json\/wp\/v2\/posts"}],"about":[{"href":"https:\/\/www.greenpeace.ch\/de\/wp-json\/wp\/v2\/types\/post"}],"author":[{"embeddable":true,"href":"https:\/\/www.greenpeace.ch\/de\/wp-json\/wp\/v2\/users\/23"}],"replies":[{"embeddable":true,"href":"https:\/\/www.greenpeace.ch\/de\/wp-json\/wp\/v2\/comments?post=15240"}],"version-history":[{"count":0,"href":"https:\/\/www.greenpeace.ch\/de\/wp-json\/wp\/v2\/posts\/15240\/revisions"}],"wp:attachment":[{"href":"https:\/\/www.greenpeace.ch\/de\/wp-json\/wp\/v2\/media?parent=15240"}],"wp:term":[{"taxonomy":"category","embeddable":true,"href":"https:\/\/www.greenpeace.ch\/de\/wp-json\/wp\/v2\/categories?post=15240"},{"taxonomy":"post_tag","embeddable":true,"href":"https:\/\/www.greenpeace.ch\/de\/wp-json\/wp\/v2\/tags?post=15240"},{"taxonomy":"p4-page-type","embeddable":true,"href":"https:\/\/www.greenpeace.ch\/de\/wp-json\/wp\/v2\/p4-page-type?post=15240"},{"taxonomy":"gpch-article-type","embeddable":true,"href":"https:\/\/www.greenpeace.ch\/de\/wp-json\/wp\/v2\/gpch-article-type?post=15240"}],"curies":[{"name":"wp","href":"https:\/\/api.w.org\/{rel}","templated":true}]}}