{"id":15246,"date":"2011-01-20T00:00:00","date_gmt":"2011-01-19T22:00:00","guid":{"rendered":"https:\/\/master.greenpeace.ch\/beitrag\/15246\/berner-regierung-sagt-nein-zu-muehleberg-ii\/"},"modified":"2019-05-30T12:56:07","modified_gmt":"2019-05-30T10:56:07","slug":"berner-regierung-sagt-nein-zu-muehleberg-ii","status":"publish","type":"post","link":"https:\/\/www.greenpeace.ch\/de\/story\/15246\/berner-regierung-sagt-nein-zu-muehleberg-ii\/","title":{"rendered":"Berner Regierung sagt NEIN zu M\u00fchleberg II"},"content":{"rendered":"<p><b>Am Wochenende vom 13. Februar 2011 befinden die Stimmberechtigen des Kantons Bern \u00fcber die Stellungnahme des Kantons zum geplanten Ersatz des AKW M\u00fchleberg. Nach dem Wirbel um die unterschlagenen Informationen zum Zwischenlager f\u00fcr hochaktive atomare Abf\u00e4lle im projektierten AKW M\u00fchleberg II hat sich heute Dienstag nun auch die Berner Regierung dazu ge\u00e4ussert.<\/b><\/p>\n<div class=\"post-content\">\n<div>\n<p><img decoding=\"async\" style=\"float: left; margin-left: 10px; margin-right: 10px;\" src=\"https:\/\/www.greenpeace.ch\/static\/planet4-switzerland-stateless\/2019\/05\/48c88923-48c88923-16459_31185.jpg\" alt=\"\">Am Wochenende vom 13. Februar 2011 befinden die Stimmberechtigen des Kantons Bern \u00fcber die Stellungnahme des Kantons zum geplanten Ersatz des AKW M\u00fchleberg. Nach dem Wirbel um die unterschlagenen Informationen zum Zwischenlager f\u00fcr hochaktive atomare Abf\u00e4lle im projektierten AKW M\u00fchleberg II hat sich heute Dienstag nun auch die Berner Regierung dazu ge\u00e4ussert.<\/p>\n<p>\u00abLetztlich best\u00e4tigt die aktuelle Debatte doch vor allem dies: Atomkraftwerke sind eben gef\u00e4hrlich und das nicht zuletzt wegen der Radioaktivit\u00e4t und den Abf\u00e4llen. Dieser Sachverhalt ist in der Abstimmungsbotschaft aus meiner Sicht gen\u00fcgend gut dargestellt. Und noch etwas zeigt doch diese Debatte sch\u00f6n: Sobald Atomkraft nicht mehr nur abstrakt und allgemein diskutiert wird, sondern eben konkret mit Abf\u00e4llen und Lagern, sinkt die Akzeptanz von Atomkraft in allen Lagern sofort deutlich,\u00bb so die Berner Energiedirektorin Barbara Egger-Jenzer in Ihrer Rede. Weiter legt Sie die Position des Berner Regierungsrates dar: Der Kanton Bern braucht kein neues AKW M\u00fchleberg. Die Zukunft geh\u00f6rt den erneuerbaren Energien!<\/p>\n<p><a style=\"text-decoration: underline; color: #006bb1; border: initial none initial;\" href=\"http:\/\/nein-zu-neuen-akw.ch\/wp-content\/uploads\/2011\/01\/MM_RR_Position_des_Regierungsrates_zum_Ersatz_KKW_M%C3%BChleberg.pdf\">Download Medienmitteilung des Berner Regierungsrates vom 18.01.2011 (PDF)<\/a><\/p>\n<p><a style=\"text-decoration: underline; color: #006bb1; border: initial none initial;\" href=\"http:\/\/nein-zu-neuen-akw.ch\/wp-content\/uploads\/2011\/01\/Referat_Regierungsraetin_Barbara_Egger-Jenzer_Bau-_Verkehrs-_und_Energiedirektorin.pdf\">Download Referat von Energiedirektorin Barbara Egger-Jenzer vom 18.01.2011 (PDF)<\/a><\/p>\n<\/div>\n<\/div>\n","protected":false},"excerpt":{"rendered":"<p>Am Wochenende vom 13. Februar 2011 befinden die Stimmberechtigen des Kantons Bern \u00fcber die Stellungnahme des Kantons zum geplanten Ersatz des AKW M\u00fchleberg. Nach dem Wirbel um die unterschlagenen Informationen&hellip;<\/p>\n","protected":false},"author":23,"featured_media":15248,"comment_status":"closed","ping_status":"open","sticky":false,"template":"","format":"standard","meta":{"_acf_changed":false,"_planet4_optimize_post_is_variant":false,"_planet4_optimize_experiment_name":"","_planet4_optimize_variant_name":"","ep_exclude_from_search":false,"p4_og_title":"","p4_og_description":"","p4_og_image":"","p4_og_image_id":"","p4_seo_canonical_url":"","p4_campaign_name":"","p4_local_project":"","p4_basket_name":"","p4_department":"","footnotes":""},"categories":[1],"tags":[50],"p4-page-type":[75],"gpch-article-type":[],"class_list":["post-15246","post","type-post","status-publish","format-standard","has-post-thumbnail","hentry","category-unkategorisiert","tag-klima","p4-page-type-story"],"acf":[],"_links":{"self":[{"href":"https:\/\/www.greenpeace.ch\/de\/wp-json\/wp\/v2\/posts\/15246","targetHints":{"allow":["GET"]}}],"collection":[{"href":"https:\/\/www.greenpeace.ch\/de\/wp-json\/wp\/v2\/posts"}],"about":[{"href":"https:\/\/www.greenpeace.ch\/de\/wp-json\/wp\/v2\/types\/post"}],"author":[{"embeddable":true,"href":"https:\/\/www.greenpeace.ch\/de\/wp-json\/wp\/v2\/users\/23"}],"replies":[{"embeddable":true,"href":"https:\/\/www.greenpeace.ch\/de\/wp-json\/wp\/v2\/comments?post=15246"}],"version-history":[{"count":0,"href":"https:\/\/www.greenpeace.ch\/de\/wp-json\/wp\/v2\/posts\/15246\/revisions"}],"wp:featuredmedia":[{"embeddable":true,"href":"https:\/\/www.greenpeace.ch\/de\/wp-json\/wp\/v2\/media\/15248"}],"wp:attachment":[{"href":"https:\/\/www.greenpeace.ch\/de\/wp-json\/wp\/v2\/media?parent=15246"}],"wp:term":[{"taxonomy":"category","embeddable":true,"href":"https:\/\/www.greenpeace.ch\/de\/wp-json\/wp\/v2\/categories?post=15246"},{"taxonomy":"post_tag","embeddable":true,"href":"https:\/\/www.greenpeace.ch\/de\/wp-json\/wp\/v2\/tags?post=15246"},{"taxonomy":"p4-page-type","embeddable":true,"href":"https:\/\/www.greenpeace.ch\/de\/wp-json\/wp\/v2\/p4-page-type?post=15246"},{"taxonomy":"gpch-article-type","embeddable":true,"href":"https:\/\/www.greenpeace.ch\/de\/wp-json\/wp\/v2\/gpch-article-type?post=15246"}],"curies":[{"name":"wp","href":"https:\/\/api.w.org\/{rel}","templated":true}]}}