{"id":17475,"date":"2008-07-12T00:00:00","date_gmt":"2008-07-11T22:00:00","guid":{"rendered":"https:\/\/master.greenpeace.ch\/beitrag\/17475\/greenpeace-protestiert-auf-dem-eiffelturm-gegen-sarkozys-nuklearpolitik\/"},"modified":"2019-05-30T13:59:33","modified_gmt":"2019-05-30T11:59:33","slug":"greenpeace-protestiert-auf-dem-eiffelturm-gegen-sarkozys-nuklearpolitik","status":"publish","type":"post","link":"https:\/\/www.greenpeace.ch\/de\/story\/17475\/greenpeace-protestiert-auf-dem-eiffelturm-gegen-sarkozys-nuklearpolitik\/","title":{"rendered":"Greenpeace protestiert auf dem Eiffelturm gegen Sarkozys Nuklearpolitik"},"content":{"rendered":"<p><b>Heute haben 15 Greenpeace Aktivisten, darunter f\u00fcnf Schweizer, ein Banner mit dem radioaktiven Logo am Pariser Eiffelturm befestigt. Das Banner wurde genau in die Mitte eines Kreises aus goldenen Sternen geh\u00e4ngt, der die EU repr\u00e4sentiert.<\/b><\/p>\n<div>\n<div class=\"events-box small-box left\">\n<div class=\"frame\">\n        <a class=\"open-img EnlargeImage\" href=\"https:\/\/www.greenpeace.ch\/static\/planet4-switzerland-stateless\/2019\/05\/e20ba8b2-e20ba8b2-le-13-juillet-2008-greenpeace-3-2.jpg\" title=\"\"><br \/>\n            <img decoding=\"async\" id=\"ctl00_cphContentArea_Property3_ctl00_ctl02_Image1\" class=\"Thumbnail\" src=\"https:\/\/www.greenpeace.ch\/static\/planet4-switzerland-stateless\/2019\/05\/e20ba8b2-e20ba8b2-le-13-juillet-2008-greenpeace-3-2.jpg\" alt=\"\" style=\"border-width:0px;\"><\/p>\n<p>        <\/a>\n    <\/div>\n<div class=\"events-content no-title\">\n        <span class=\"date\"><\/span><br \/>\n        <strong><\/strong><\/p>\n<p>\n            \u00a9Greenpeace\n        <\/p>\n<\/p>\n<\/div>\n<\/div>\n<p class=\"bodytext\">Die Sterne, die vom staatlichen franz\u00f6sischen Nuklearunternehmen Areva gesponsert\u00a0wurden, h\u00e4ngen auf dem Eiffeltturm seit Frankreich die EU-Pr\u00e4sidentschaft am 1. Juli antrat. Mit ihrer Aktion demonstrieren die Umweltaktivisten gegen die verantwortungslose Energiepolitik von Nicolas Sarkozy. Trotz regelm\u00e4ssigen Atomkraftwerk-Unf\u00e4llen wie diese\u00a0Woche in Tricastin ist der franz\u00f6siche Pr\u00e4sident von Atomkraft besessen und droht, die EU-Verhandlungen \u00fcber Klima und Energie\u00a0entgleisen zu lassen.<\/p>\n<p class=\"bodytext\"><a class=\"external-link-arrow\" title=\"\u00d6ffnet einen externen Link im aktuellen Fenster\" href=\"http:\/\/www.greenpeace.org\/france\/news\/action-de-greenpeace-sur-la-to\" target=\"_blank\" rel=\"noopener noreferrer\">Weitere Informationen bei Greenpeace France<\/a><\/p>\n<\/div>\n","protected":false},"excerpt":{"rendered":"<p>Heute haben 15 Greenpeace Aktivisten, darunter f\u00fcnf Schweizer, ein Banner mit dem radioaktiven Logo am Pariser Eiffelturm befestigt. Das Banner wurde genau in die Mitte eines Kreises aus goldenen Sternen&hellip;<\/p>\n","protected":false},"author":23,"featured_media":17478,"comment_status":"closed","ping_status":"open","sticky":false,"template":"","format":"standard","meta":{"_acf_changed":false,"_planet4_optimize_post_is_variant":false,"_planet4_optimize_experiment_name":"","_planet4_optimize_variant_name":"","ep_exclude_from_search":false,"p4_og_title":"","p4_og_description":"","p4_og_image":"","p4_og_image_id":"","p4_seo_canonical_url":"","p4_campaign_name":"","p4_local_project":"","p4_basket_name":"","p4_department":"","footnotes":""},"categories":[1],"tags":[],"p4-page-type":[75],"gpch-article-type":[],"class_list":["post-17475","post","type-post","status-publish","format-standard","has-post-thumbnail","hentry","category-unkategorisiert","p4-page-type-story"],"acf":[],"_links":{"self":[{"href":"https:\/\/www.greenpeace.ch\/de\/wp-json\/wp\/v2\/posts\/17475","targetHints":{"allow":["GET"]}}],"collection":[{"href":"https:\/\/www.greenpeace.ch\/de\/wp-json\/wp\/v2\/posts"}],"about":[{"href":"https:\/\/www.greenpeace.ch\/de\/wp-json\/wp\/v2\/types\/post"}],"author":[{"embeddable":true,"href":"https:\/\/www.greenpeace.ch\/de\/wp-json\/wp\/v2\/users\/23"}],"replies":[{"embeddable":true,"href":"https:\/\/www.greenpeace.ch\/de\/wp-json\/wp\/v2\/comments?post=17475"}],"version-history":[{"count":0,"href":"https:\/\/www.greenpeace.ch\/de\/wp-json\/wp\/v2\/posts\/17475\/revisions"}],"wp:featuredmedia":[{"embeddable":true,"href":"https:\/\/www.greenpeace.ch\/de\/wp-json\/wp\/v2\/media\/17478"}],"wp:attachment":[{"href":"https:\/\/www.greenpeace.ch\/de\/wp-json\/wp\/v2\/media?parent=17475"}],"wp:term":[{"taxonomy":"category","embeddable":true,"href":"https:\/\/www.greenpeace.ch\/de\/wp-json\/wp\/v2\/categories?post=17475"},{"taxonomy":"post_tag","embeddable":true,"href":"https:\/\/www.greenpeace.ch\/de\/wp-json\/wp\/v2\/tags?post=17475"},{"taxonomy":"p4-page-type","embeddable":true,"href":"https:\/\/www.greenpeace.ch\/de\/wp-json\/wp\/v2\/p4-page-type?post=17475"},{"taxonomy":"gpch-article-type","embeddable":true,"href":"https:\/\/www.greenpeace.ch\/de\/wp-json\/wp\/v2\/gpch-article-type?post=17475"}],"curies":[{"name":"wp","href":"https:\/\/api.w.org\/{rel}","templated":true}]}}