{"id":17480,"date":"2008-07-14T00:00:00","date_gmt":"2008-07-13T22:00:00","guid":{"rendered":"https:\/\/master.greenpeace.ch\/beitrag\/17480\/keine-unbefristete-betriebsbewilligung-fuer-das-akw-muehleberg\/"},"modified":"2022-03-31T10:40:48","modified_gmt":"2022-03-31T08:40:48","slug":"keine-unbefristete-betriebsbewilligung-fuer-das-akw-muehleberg","status":"publish","type":"post","link":"https:\/\/www.greenpeace.ch\/de\/story\/17480\/keine-unbefristete-betriebsbewilligung-fuer-das-akw-muehleberg\/","title":{"rendered":"Keine unbefristete Betriebsbewilligung f\u00fcr das AKW M\u00fchleberg"},"content":{"rendered":"<p><b>Zusammen mit anderen Organisationen, Parteien und Privatpersonen, erhebt Greenpeace Einsprache gegen die unbefristete Betriebsverl\u00e4ngerung des Atomkraftwerks M\u00fchleberg. Die AKW-Betreiberin BKW FMB Energie AG will das 36-j\u00e4hrige Atomrelikt f\u00fcr undefinierte Zeit weiterstrahlen lassen. Greenpeace fordert das Bundesamt f\u00fcr Energie auf, eine Verl\u00e4ngerung der Laufzeit abzulehnen und das AKW M\u00fchlberg abzuschalten.<\/b><\/p>\n<div>\n<p class=\"bodytext\"><strong>Ungen\u00fcgendes Beschwerdeverfahren<\/strong><\/p>\n<p>Die Gesuchsunterlagen der BKW, welche zwischen dem 13. Juni und dem 14. Juli 2008 \u00f6ffentlich aufgelegt wurden, erlauben keine abschliessende Beurteilung. &#8230; \u00bb mehr<\/p>\n<\/div>\n","protected":false},"excerpt":{"rendered":"<p>Zusammen mit anderen Organisationen, Parteien und Privatpersonen, erhebt Greenpeace Einsprache gegen die unbefristete Betriebsverl\u00e4ngerung des Atomkraftwerks M\u00fchleberg. Die AKW-Betreiberin BKW FMB Energie AG will das 36-j\u00e4hrige Atomrelikt f\u00fcr undefinierte Zeit&hellip;<\/p>\n","protected":false},"author":23,"featured_media":16531,"comment_status":"closed","ping_status":"open","sticky":false,"template":"","format":"standard","meta":{"_acf_changed":false,"_planet4_optimize_post_is_variant":false,"_planet4_optimize_experiment_name":"","_planet4_optimize_variant_name":"","ep_exclude_from_search":false,"p4_og_title":"","p4_og_description":"","p4_og_image":"","p4_og_image_id":"","p4_seo_canonical_url":"","p4_campaign_name":"not set","p4_local_project":"not set","p4_basket_name":"not set","p4_department":"","footnotes":""},"categories":[1],"tags":[],"p4-page-type":[75],"gpch-article-type":[],"class_list":["post-17480","post","type-post","status-publish","format-standard","has-post-thumbnail","hentry","category-unkategorisiert","p4-page-type-story"],"acf":[],"_links":{"self":[{"href":"https:\/\/www.greenpeace.ch\/de\/wp-json\/wp\/v2\/posts\/17480","targetHints":{"allow":["GET"]}}],"collection":[{"href":"https:\/\/www.greenpeace.ch\/de\/wp-json\/wp\/v2\/posts"}],"about":[{"href":"https:\/\/www.greenpeace.ch\/de\/wp-json\/wp\/v2\/types\/post"}],"author":[{"embeddable":true,"href":"https:\/\/www.greenpeace.ch\/de\/wp-json\/wp\/v2\/users\/23"}],"replies":[{"embeddable":true,"href":"https:\/\/www.greenpeace.ch\/de\/wp-json\/wp\/v2\/comments?post=17480"}],"version-history":[{"count":0,"href":"https:\/\/www.greenpeace.ch\/de\/wp-json\/wp\/v2\/posts\/17480\/revisions"}],"wp:featuredmedia":[{"embeddable":true,"href":"https:\/\/www.greenpeace.ch\/de\/wp-json\/wp\/v2\/media\/16531"}],"wp:attachment":[{"href":"https:\/\/www.greenpeace.ch\/de\/wp-json\/wp\/v2\/media?parent=17480"}],"wp:term":[{"taxonomy":"category","embeddable":true,"href":"https:\/\/www.greenpeace.ch\/de\/wp-json\/wp\/v2\/categories?post=17480"},{"taxonomy":"post_tag","embeddable":true,"href":"https:\/\/www.greenpeace.ch\/de\/wp-json\/wp\/v2\/tags?post=17480"},{"taxonomy":"p4-page-type","embeddable":true,"href":"https:\/\/www.greenpeace.ch\/de\/wp-json\/wp\/v2\/p4-page-type?post=17480"},{"taxonomy":"gpch-article-type","embeddable":true,"href":"https:\/\/www.greenpeace.ch\/de\/wp-json\/wp\/v2\/gpch-article-type?post=17480"}],"curies":[{"name":"wp","href":"https:\/\/api.w.org\/{rel}","templated":true}]}}