{"id":17486,"date":"2008-07-11T00:00:00","date_gmt":"2008-07-10T22:00:00","guid":{"rendered":"https:\/\/master.greenpeace.ch\/beitrag\/17486\/japanische-greenpeace-mitarbeiter-angeklagt-2\/"},"modified":"2019-05-30T13:59:45","modified_gmt":"2019-05-30T11:59:45","slug":"japanische-greenpeace-mitarbeiter-angeklagt-2","status":"publish","type":"post","link":"https:\/\/www.greenpeace.ch\/de\/story\/17486\/japanische-greenpeace-mitarbeiter-angeklagt-2\/","title":{"rendered":"Japanische Greenpeace-Mitarbeiter angeklagt!"},"content":{"rendered":"<p><b><\/b><\/p>\n<div class=\"post-content\">\n<div>\n<p><object classid=\"clsid:d27cdb6e-ae6d-11cf-96b8-444553540000\" width=\"425\" height=\"350\" codebase=\"http:\/\/download.macromedia.com\/pub\/shockwave\/cabs\/flash\/swflash.cab#version=6,0,40,0\"><param name=\"src\" value=\"https:\/\/www.youtube.com\/v\/Q5l3eaJIWXw\"><embed type=\"application\/x-shockwave-flash\" width=\"425\" height=\"350\" src=\"https:\/\/www.youtube.com\/v\/Q5l3eaJIWXw\"><\/embed><\/object><\/p>\n<p><a title=\"Greenpeace Schweiz:  Japanische Greenpeace-Mitarbeiter angeklagt\" href=\"http:\/\/www.greenpeace.ch\/de\/themen\/meer\/meer-news-single\/archive\/2008\/july\/article\/japanische-greenpeace-mitarbeiter-angeklagt\/\">Heute<\/a> wurde gegen die beiden japanischen Greenpeace Mitarbeiter, welche den <a title=\"Hintergr\u00fcnde zum Walfleisch-Skandal\" href=\"http:\/\/www.greenpeace.ch\/de\/themen\/meer\/walfang\/walfleisch-skandal-greenpeace-aktivisten-verhaftet\/\">gr\u00f6ssten Skandal in der japanischen Walfangskandal<\/a> aufgedeckt haben, angeklagt.<\/p>\n<p><!--more--><\/p>\n<p>Walf\u00e4nger hatten Walfleisch illegal von Bord geschmuggelt und es auf eigene Rechnung verkauft. W\u00e4hrend die Staatsanwaltschaft die Ermittlungen gegen die Walf\u00e4nger einstellte, droht den beiden Greenpeacern bis zu drei Jahren unschuldig ins Gef\u00e4ngnis zu m\u00fcssen.<\/p>\n<p><a title=\"Hintergr\u00fcnde zum Walfleisch-Skandal\" href=\"http:\/\/www.greenpeace.ch\/de\/themen\/meer\/walfang\/walfleisch-skandal-greenpeace-aktivisten-verhaftet\/\">Hintergr\u00fcnde zum Skandal<br \/>\n<\/a>\n<\/p>\n<div id=\"rhubarb\"><a href=\"http:\/\/write-a-letter.greenpeace.org\/511\">Befreien Sie unsere Aktivisten!<\/a><\/div>\n<p><script src=\"http:\/\/write-a-letter.greenpeace.org\/511.js\" type=\"text\/javascript\"><\/script>\n<\/div>\n<\/p>\n<\/div>\n","protected":false},"excerpt":{"rendered":"<p>Heute wurde gegen die beiden japanischen Greenpeace Mitarbeiter, welche den gr\u00f6ssten Skandal in der japanischen Walfangskandal aufgedeckt haben, angeklagt. Walf\u00e4nger hatten Walfleisch illegal von Bord geschmuggelt und es auf eigene&hellip;<\/p>\n","protected":false},"author":23,"featured_media":0,"comment_status":"closed","ping_status":"open","sticky":false,"template":"","format":"standard","meta":{"_acf_changed":false,"_planet4_optimize_post_is_variant":false,"_planet4_optimize_experiment_name":"","_planet4_optimize_variant_name":"","ep_exclude_from_search":false,"p4_og_title":"","p4_og_description":"","p4_og_image":"","p4_og_image_id":"","p4_seo_canonical_url":"","p4_campaign_name":"","p4_local_project":"","p4_basket_name":"","p4_department":"","footnotes":""},"categories":[1],"tags":[],"p4-page-type":[75],"gpch-article-type":[],"class_list":["post-17486","post","type-post","status-publish","format-standard","hentry","category-unkategorisiert","p4-page-type-story"],"acf":[],"_links":{"self":[{"href":"https:\/\/www.greenpeace.ch\/de\/wp-json\/wp\/v2\/posts\/17486","targetHints":{"allow":["GET"]}}],"collection":[{"href":"https:\/\/www.greenpeace.ch\/de\/wp-json\/wp\/v2\/posts"}],"about":[{"href":"https:\/\/www.greenpeace.ch\/de\/wp-json\/wp\/v2\/types\/post"}],"author":[{"embeddable":true,"href":"https:\/\/www.greenpeace.ch\/de\/wp-json\/wp\/v2\/users\/23"}],"replies":[{"embeddable":true,"href":"https:\/\/www.greenpeace.ch\/de\/wp-json\/wp\/v2\/comments?post=17486"}],"version-history":[{"count":0,"href":"https:\/\/www.greenpeace.ch\/de\/wp-json\/wp\/v2\/posts\/17486\/revisions"}],"wp:attachment":[{"href":"https:\/\/www.greenpeace.ch\/de\/wp-json\/wp\/v2\/media?parent=17486"}],"wp:term":[{"taxonomy":"category","embeddable":true,"href":"https:\/\/www.greenpeace.ch\/de\/wp-json\/wp\/v2\/categories?post=17486"},{"taxonomy":"post_tag","embeddable":true,"href":"https:\/\/www.greenpeace.ch\/de\/wp-json\/wp\/v2\/tags?post=17486"},{"taxonomy":"p4-page-type","embeddable":true,"href":"https:\/\/www.greenpeace.ch\/de\/wp-json\/wp\/v2\/p4-page-type?post=17486"},{"taxonomy":"gpch-article-type","embeddable":true,"href":"https:\/\/www.greenpeace.ch\/de\/wp-json\/wp\/v2\/gpch-article-type?post=17486"}],"curies":[{"name":"wp","href":"https:\/\/api.w.org\/{rel}","templated":true}]}}