{"id":17493,"date":"2008-07-10T00:00:00","date_gmt":"2008-07-09T22:00:00","guid":{"rendered":"https:\/\/master.greenpeace.ch\/beitrag\/17493\/atomanlage-tricastin-geschlossen\/"},"modified":"2019-05-30T13:59:56","modified_gmt":"2019-05-30T11:59:56","slug":"atomanlage-tricastin-geschlossen","status":"publish","type":"post","link":"https:\/\/www.greenpeace.ch\/de\/story\/17493\/atomanlage-tricastin-geschlossen\/","title":{"rendered":"Atomanlage Tricastin geschlossen"},"content":{"rendered":"<p><b>Nach dem Uran-Zwischenfall in S\u00fcdfrankreich hat die Aufsichtsbeh\u00f6rde einen Stopp des Betriebs angeordnet. Es heisst, die getroffenen Sicherheitsmassnahmen zur Verhinderung weiterer Uranverseuchungen seien unzureichend.<\/b><\/p>\n<div>\n<div class=\"events-box small-box left\">\n<div class=\"frame\">\n        <a class=\"open-img EnlargeImage\" href=\"https:\/\/www.greenpeace.ch\/static\/planet4-switzerland-stateless\/2019\/05\/6a314bc3-6a314bc3-images_96.jpg\" title=\"\"><br \/>\n            <img decoding=\"async\" id=\"ctl00_cphContentArea_Property3_ctl00_ctl02_Image1\" class=\"Thumbnail\" src=\"https:\/\/www.greenpeace.ch\/static\/planet4-switzerland-stateless\/2019\/05\/6a314bc3-6a314bc3-images_96.jpg\" alt=\"\" style=\"border-width:0px;\"><\/p>\n<p>        <\/a>\n    <\/div>\n<div class=\"events-content no-title\">\n        <span class=\"date\"><\/span><br \/>\n        <strong><\/strong><\/p>\n<p>\n            K\u00fchlt\u00fcrme des von den Beh\u00f6rden geschlossenen AKWs Tricastin. \u00a9greenpeace\n        <\/p>\n<\/p>\n<\/div>\n<\/div>\n<p class=\"bodytext\">Obwohl 30&#8217;000 Liter radioaktive Fl\u00fcssigkeit am Montagabend in die Umwelt gelangte, wurde der Vorfall als minimale St\u00f6rung eingestuft. Aber heute verk\u00fcndete die Atomsicherheitsbeh\u00f6rde ASN, dass die Arbeit der Anlage bis auf weiteres eingestellt werden muss.<\/p>\n<p>Die Aufsichtsbeh\u00f6rde ordnete eine Inspektion an und kam zum Schluss, dass die Vorschriften zum Zeitpunkt des Unfalls nicht beachtet worden sind. Ihr Bericht \u00fcber die Unregelm\u00e4ssigkeiten wird der Staatsanwaltschaft \u00fcbergeben.<\/p>\n<\/div>\n","protected":false},"excerpt":{"rendered":"<p>Nach dem Uran-Zwischenfall in S\u00fcdfrankreich hat die Aufsichtsbeh\u00f6rde einen Stopp des Betriebs angeordnet. Es heisst, die getroffenen Sicherheitsmassnahmen zur Verhinderung weiterer Uranverseuchungen seien unzureichend. K\u00fchlt\u00fcrme des von den Beh\u00f6rden geschlossenen&hellip;<\/p>\n","protected":false},"author":23,"featured_media":17495,"comment_status":"closed","ping_status":"open","sticky":false,"template":"","format":"standard","meta":{"_acf_changed":false,"_planet4_optimize_post_is_variant":false,"_planet4_optimize_experiment_name":"","_planet4_optimize_variant_name":"","ep_exclude_from_search":false,"p4_og_title":"","p4_og_description":"","p4_og_image":"","p4_og_image_id":"","p4_seo_canonical_url":"","p4_campaign_name":"","p4_local_project":"","p4_basket_name":"","p4_department":"","footnotes":""},"categories":[1],"tags":[],"p4-page-type":[75],"gpch-article-type":[],"class_list":["post-17493","post","type-post","status-publish","format-standard","has-post-thumbnail","hentry","category-unkategorisiert","p4-page-type-story"],"acf":[],"_links":{"self":[{"href":"https:\/\/www.greenpeace.ch\/de\/wp-json\/wp\/v2\/posts\/17493","targetHints":{"allow":["GET"]}}],"collection":[{"href":"https:\/\/www.greenpeace.ch\/de\/wp-json\/wp\/v2\/posts"}],"about":[{"href":"https:\/\/www.greenpeace.ch\/de\/wp-json\/wp\/v2\/types\/post"}],"author":[{"embeddable":true,"href":"https:\/\/www.greenpeace.ch\/de\/wp-json\/wp\/v2\/users\/23"}],"replies":[{"embeddable":true,"href":"https:\/\/www.greenpeace.ch\/de\/wp-json\/wp\/v2\/comments?post=17493"}],"version-history":[{"count":0,"href":"https:\/\/www.greenpeace.ch\/de\/wp-json\/wp\/v2\/posts\/17493\/revisions"}],"wp:featuredmedia":[{"embeddable":true,"href":"https:\/\/www.greenpeace.ch\/de\/wp-json\/wp\/v2\/media\/17495"}],"wp:attachment":[{"href":"https:\/\/www.greenpeace.ch\/de\/wp-json\/wp\/v2\/media?parent=17493"}],"wp:term":[{"taxonomy":"category","embeddable":true,"href":"https:\/\/www.greenpeace.ch\/de\/wp-json\/wp\/v2\/categories?post=17493"},{"taxonomy":"post_tag","embeddable":true,"href":"https:\/\/www.greenpeace.ch\/de\/wp-json\/wp\/v2\/tags?post=17493"},{"taxonomy":"p4-page-type","embeddable":true,"href":"https:\/\/www.greenpeace.ch\/de\/wp-json\/wp\/v2\/p4-page-type?post=17493"},{"taxonomy":"gpch-article-type","embeddable":true,"href":"https:\/\/www.greenpeace.ch\/de\/wp-json\/wp\/v2\/gpch-article-type?post=17493"}],"curies":[{"name":"wp","href":"https:\/\/api.w.org\/{rel}","templated":true}]}}