{"id":17515,"date":"2008-07-02T00:00:00","date_gmt":"2008-07-01T22:00:00","guid":{"rendered":"https:\/\/master.greenpeace.ch\/beitrag\/17515\/noch-immer-unschuldig-in-haft-junichi-und-toru-brauchen-deine-unterstuetzung\/"},"modified":"2019-05-30T14:00:36","modified_gmt":"2019-05-30T12:00:36","slug":"noch-immer-unschuldig-in-haft-junichi-und-toru-brauchen-deine-unterstuetzung","status":"publish","type":"post","link":"https:\/\/www.greenpeace.ch\/de\/story\/17515\/noch-immer-unschuldig-in-haft-junichi-und-toru-brauchen-deine-unterstuetzung\/","title":{"rendered":"Noch immer unschuldig in Haft: Junichi und Toru brauchen deine Unterst\u00fctzung"},"content":{"rendered":"<p><b>Seit dem 20. Juni 2008 sitzen die beiden Greenpeace-Mitarbeiter Junichi Sato and Toru Suzuki ohne Anklage in Untersuchungshaft. Sie wurden verhaftet, weil sie den gr\u00f6ssten Skandal in der Geschichte des japanischen Walfangs aufgedeckt haben: Japanische Walf\u00e4nger hatten Walfleisch illegal von Bord geschmuggelt und wollten es auf eigene Rechnung verkaufen.<\/b><\/p>\n<div class=\"post-content\">\n<div>\n<p>Seit dem 20. Juni 2008 sitzen die beiden Greenpeace-Mitarbeiter Junichi Sato and Toru Suzuki <a title=\"Antiwalfangaktivisten in Japan verhaftet\" href=\"http:\/\/www.greenpeace.ch\/themen\/meer\/meer-news-single\/archive\/2008\/june\/article\/antiwalfangaktivisten-in-japan-verhaftet\/\">ohne Anklage in Untersuchungshaft<\/a>. Sie wurden verhaftet, weil sie den gr\u00f6ssten <a title=\"Greenpeace deckt japanischen Walfleisch-Skandal auf\" href=\"http:\/\/www.greenpeace.ch\/de\/themen\/meer\/meer-news-single\/archive\/2008\/may\/article\/greenpeace-deckt-japanischen-walfleisch-skandal-auf\/\">Skandal in der Geschichte des japanischen Walfangs<\/a> aufgedeckt haben: Japanische Walf\u00e4nger hatten Walfleisch illegal von Bord geschmuggelt und wollten es auf eigene Rechnung verkaufen.<\/p>\n<p>Junichi und Toru konnten ein Paket mit solchem Walfleisch sicherstellen und \u00fcbergaben diese der japanischen Staatsanwaltschaft. Bis zu 93 solcher mit Walfleisch gef\u00fcllten Kisten wurden von der Mannschaft der Fangflotte als pers\u00f6nliches Gep\u00e4ck deklariert und von Crew-Mitgliedern illegal von Bord gebracht. Der Marktwert des Walfleisches pro Karton liegt bei etwa 3000 US-Dollar.<\/p>\n<p>Wegen genau diesem Beweisst\u00fcck, das die beiden Walsch\u00fctzer der Staatsanwaltschaft \u00fcbergeben haben, sitzen sie jetzt in Haft. Die Untersuchungen gegen die Walf\u00e4nger hingegen wurden unter fadenscheinigen Gr\u00fcnden beendet.<\/p>\n<p>Unterst\u00fctze die beiden Walf\u00e4nger und fordere ihre Freilassung indem du ein <a title=\"Protestmail\" href=\"http:\/\/www.greenpeace.ch\/de\/themen\/meer\/walfang\/walfleisch-skandal-greenpeace-aktivisten-verhaftet\/protestmail\/\">Protestmail an die Japanische Regierung<\/a> unterschreibst.<\/p>\n<p>Fordere andere auf das Protestmail zu unterschreiben. Hier sind Banner, welche du auf deinem Blog einf\u00fcgen kannst:<\/p>\n<p><a href=\"http:\/\/www.greenpeace.ch\/de\/themen\/meer\/walfang\/walfleisch-skandal-greenpeace-aktivisten-verhaftet\/protestmail\/\"><img loading=\"lazy\" decoding=\"async\" title=\"468x60\" src=\"https:\/\/www.greenpeace.ch\/static\/planet4-switzerland-stateless\/2019\/05\/ed95eb08-ed95eb08-6825_11229.jpg\" alt=\"\" width=\"468\" height=\"60\"><\/a><\/p>\n<p>468x60px<\/p>\n<p><a href=\"http:\/\/www.greenpeace.ch\/de\/themen\/meer\/walfang\/walfleisch-skandal-greenpeace-aktivisten-verhaftet\/protestmail\/\"><img loading=\"lazy\" decoding=\"async\" title=\"460x150\" src=\"https:\/\/www.greenpeace.ch\/static\/planet4-switzerland-stateless\/2019\/05\/281a6d87-281a6d87-6826_11230.jpg\" alt=\"\" width=\"460\" height=\"150\"><\/a><\/p>\n<p>460x150px<\/p>\n<p><a href=\"\/switzerland\/Templates\/Planet3\/Pages\/468x60px\"><img loading=\"lazy\" decoding=\"async\" title=\"180x50\" src=\"https:\/\/www.greenpeace.ch\/static\/planet4-switzerland-stateless\/2019\/05\/ca51da84-ca51da84-6827_11231.jpg\" alt=\"\" width=\"180\" height=\"50\"><\/a><\/p>\n<p>180x50px<\/p>\n<p>Vielen Dank!<\/p>\n<\/div>\n<\/div>\n","protected":false},"excerpt":{"rendered":"<p>Seit dem 20. Juni 2008 sitzen die beiden Greenpeace-Mitarbeiter Junichi Sato and Toru Suzuki ohne Anklage in Untersuchungshaft. Sie wurden verhaftet, weil sie den gr\u00f6ssten Skandal in der Geschichte des&hellip;<\/p>\n","protected":false},"author":23,"featured_media":17517,"comment_status":"closed","ping_status":"open","sticky":false,"template":"","format":"standard","meta":{"_acf_changed":false,"_planet4_optimize_post_is_variant":false,"_planet4_optimize_experiment_name":"","_planet4_optimize_variant_name":"","ep_exclude_from_search":false,"p4_og_title":"","p4_og_description":"","p4_og_image":"","p4_og_image_id":"","p4_seo_canonical_url":"","p4_campaign_name":"","p4_local_project":"","p4_basket_name":"","p4_department":"","footnotes":""},"categories":[1],"tags":[],"p4-page-type":[75],"gpch-article-type":[],"class_list":["post-17515","post","type-post","status-publish","format-standard","has-post-thumbnail","hentry","category-unkategorisiert","p4-page-type-story"],"acf":[],"_links":{"self":[{"href":"https:\/\/www.greenpeace.ch\/de\/wp-json\/wp\/v2\/posts\/17515","targetHints":{"allow":["GET"]}}],"collection":[{"href":"https:\/\/www.greenpeace.ch\/de\/wp-json\/wp\/v2\/posts"}],"about":[{"href":"https:\/\/www.greenpeace.ch\/de\/wp-json\/wp\/v2\/types\/post"}],"author":[{"embeddable":true,"href":"https:\/\/www.greenpeace.ch\/de\/wp-json\/wp\/v2\/users\/23"}],"replies":[{"embeddable":true,"href":"https:\/\/www.greenpeace.ch\/de\/wp-json\/wp\/v2\/comments?post=17515"}],"version-history":[{"count":0,"href":"https:\/\/www.greenpeace.ch\/de\/wp-json\/wp\/v2\/posts\/17515\/revisions"}],"wp:featuredmedia":[{"embeddable":true,"href":"https:\/\/www.greenpeace.ch\/de\/wp-json\/wp\/v2\/media\/17517"}],"wp:attachment":[{"href":"https:\/\/www.greenpeace.ch\/de\/wp-json\/wp\/v2\/media?parent=17515"}],"wp:term":[{"taxonomy":"category","embeddable":true,"href":"https:\/\/www.greenpeace.ch\/de\/wp-json\/wp\/v2\/categories?post=17515"},{"taxonomy":"post_tag","embeddable":true,"href":"https:\/\/www.greenpeace.ch\/de\/wp-json\/wp\/v2\/tags?post=17515"},{"taxonomy":"p4-page-type","embeddable":true,"href":"https:\/\/www.greenpeace.ch\/de\/wp-json\/wp\/v2\/p4-page-type?post=17515"},{"taxonomy":"gpch-article-type","embeddable":true,"href":"https:\/\/www.greenpeace.ch\/de\/wp-json\/wp\/v2\/gpch-article-type?post=17515"}],"curies":[{"name":"wp","href":"https:\/\/api.w.org\/{rel}","templated":true}]}}