{"id":17525,"date":"2008-06-25T00:00:00","date_gmt":"2008-06-24T22:00:00","guid":{"rendered":"https:\/\/master.greenpeace.ch\/beitrag\/17525\/allianz-stopp-atom-begruesst-zuerichs-ausstieg-aus-der-atomenergie\/"},"modified":"2019-05-30T14:00:49","modified_gmt":"2019-05-30T12:00:49","slug":"allianz-stopp-atom-begruesst-zuerichs-ausstieg-aus-der-atomenergie","status":"publish","type":"post","link":"https:\/\/www.greenpeace.ch\/de\/story\/17525\/allianz-stopp-atom-begruesst-zuerichs-ausstieg-aus-der-atomenergie\/","title":{"rendered":"Allianz Stopp Atom begr\u00fcsst Z\u00fcrichs Ausstieg aus der Atomenergie"},"content":{"rendered":"<p><b>Der Z\u00fcrcher Gemeinderat ist dem Stadtrat gefolgt und hat an seiner heutigen Sitzung beschlossen, den Ausstieg aus der Atomenergie und die Reduktion von CO2-Emissionen in der Gemeindeordnung festzuschreiben. Die Allianz Stopp Atom begr\u00fcsst diesen richtungsweisenden Entscheid f\u00fcr eine sinnvolle und sichere Stromzukunft der Stadt Z\u00fcrich.<\/b><\/p>\n<div>\n<div class=\"events-box small-box left\">\n<div class=\"frame\">\n        <a class=\"open-img EnlargeImage\" href=\"https:\/\/www.greenpeace.ch\/static\/planet4-switzerland-stateless\/2019\/05\/18936343-18936343-akw_wind.jpg\" title=\"\"><br \/>\n            <img decoding=\"async\" id=\"ctl00_cphContentArea_Property3_ctl00_ctl02_Image1\" class=\"Thumbnail\" src=\"https:\/\/www.greenpeace.ch\/static\/planet4-switzerland-stateless\/2019\/05\/18936343-18936343-akw_wind.jpg\" alt=\"\" style=\"border-width:0px;\"><\/p>\n<p>        <\/a>\n    <\/div>\n<div class=\"events-content no-title\">\n        <span class=\"date\"><\/span><br \/>\n        <strong><\/strong><\/p>\n<p>\n            Der Ausstieg steht bevor! \u00a9Greenpeace\n        <\/p>\n<\/p>\n<\/div>\n<\/div>\n<p class=\"bodytext\">In seiner heutigen Debatte ist der Z\u00fcrcher Gemeinderat dem Stadtrat gefolgt und hat mit 97 zu 21 Stimmen entschieden, den Ausstieg der Stadt Z\u00fcrich aus der Atomenergie in der Gemeindeordnung festzuschreiben. Ebenfalls neu soll festgehalten werden, dass sich die Stadt f\u00fcr eine Reduktion des Energieverbrauchs auf 2000 Watt Dauerleistung pro Einwohner einsetzt und dass der CO2-Ausstoss auf eine Tonne pro Einwohner und Jahr gesenkt werden soll.<\/p>\n<p class=\"bodytext\"><strong><a class=\"external-link-new-window\" title=\"\u00d6ffnet einen externen Link in einem neuen Fenster\" href=\"http:\/\/www.stoppatom.ch\/de\/medien\/medienmitteilungen\/\" target=\"_blank\" rel=\"noopener noreferrer\">\u00bb mehr zum Thema auf stoppatom.ch<\/a><\/strong><\/p>\n<\/div>\n","protected":false},"excerpt":{"rendered":"<p>Der Z\u00fcrcher Gemeinderat ist dem Stadtrat gefolgt und hat an seiner heutigen Sitzung beschlossen, den Ausstieg aus der Atomenergie und die Reduktion von CO2-Emissionen in der Gemeindeordnung festzuschreiben. Die Allianz&hellip;<\/p>\n","protected":false},"author":23,"featured_media":17527,"comment_status":"closed","ping_status":"open","sticky":false,"template":"","format":"standard","meta":{"_acf_changed":false,"_planet4_optimize_post_is_variant":false,"_planet4_optimize_experiment_name":"","_planet4_optimize_variant_name":"","ep_exclude_from_search":false,"p4_og_title":"","p4_og_description":"","p4_og_image":"","p4_og_image_id":"","p4_seo_canonical_url":"","p4_campaign_name":"","p4_local_project":"","p4_basket_name":"","p4_department":"","footnotes":""},"categories":[1],"tags":[],"p4-page-type":[75],"gpch-article-type":[],"class_list":["post-17525","post","type-post","status-publish","format-standard","has-post-thumbnail","hentry","category-unkategorisiert","p4-page-type-story"],"acf":[],"_links":{"self":[{"href":"https:\/\/www.greenpeace.ch\/de\/wp-json\/wp\/v2\/posts\/17525","targetHints":{"allow":["GET"]}}],"collection":[{"href":"https:\/\/www.greenpeace.ch\/de\/wp-json\/wp\/v2\/posts"}],"about":[{"href":"https:\/\/www.greenpeace.ch\/de\/wp-json\/wp\/v2\/types\/post"}],"author":[{"embeddable":true,"href":"https:\/\/www.greenpeace.ch\/de\/wp-json\/wp\/v2\/users\/23"}],"replies":[{"embeddable":true,"href":"https:\/\/www.greenpeace.ch\/de\/wp-json\/wp\/v2\/comments?post=17525"}],"version-history":[{"count":0,"href":"https:\/\/www.greenpeace.ch\/de\/wp-json\/wp\/v2\/posts\/17525\/revisions"}],"wp:featuredmedia":[{"embeddable":true,"href":"https:\/\/www.greenpeace.ch\/de\/wp-json\/wp\/v2\/media\/17527"}],"wp:attachment":[{"href":"https:\/\/www.greenpeace.ch\/de\/wp-json\/wp\/v2\/media?parent=17525"}],"wp:term":[{"taxonomy":"category","embeddable":true,"href":"https:\/\/www.greenpeace.ch\/de\/wp-json\/wp\/v2\/categories?post=17525"},{"taxonomy":"post_tag","embeddable":true,"href":"https:\/\/www.greenpeace.ch\/de\/wp-json\/wp\/v2\/tags?post=17525"},{"taxonomy":"p4-page-type","embeddable":true,"href":"https:\/\/www.greenpeace.ch\/de\/wp-json\/wp\/v2\/p4-page-type?post=17525"},{"taxonomy":"gpch-article-type","embeddable":true,"href":"https:\/\/www.greenpeace.ch\/de\/wp-json\/wp\/v2\/gpch-article-type?post=17525"}],"curies":[{"name":"wp","href":"https:\/\/api.w.org\/{rel}","templated":true}]}}