{"id":17530,"date":"2008-06-25T00:00:00","date_gmt":"2008-06-24T22:00:00","guid":{"rendered":"https:\/\/master.greenpeace.ch\/beitrag\/17530\/greenpeace-protest-bei-japanischer-botschaft\/"},"modified":"2019-05-30T14:00:56","modified_gmt":"2019-05-30T12:00:56","slug":"greenpeace-protest-bei-japanischer-botschaft","status":"publish","type":"post","link":"https:\/\/www.greenpeace.ch\/de\/story\/17530\/greenpeace-protest-bei-japanischer-botschaft\/","title":{"rendered":"Greenpeace-Protest bei japanischer Botschaft"},"content":{"rendered":"<p><b>Lasst unsere japanischen Mitarbeiter frei!<\/b><\/p>\n<div>\n<div class=\"events-box small-box left\">\n<div class=\"frame\">\n        <a class=\"open-img EnlargeImage\" href=\"https:\/\/www.greenpeace.ch\/static\/planet4-switzerland-stateless\/2019\/05\/61c4f6e9-61c4f6e9-walfangaktion.jpg\" title=\"\"><br \/>\n            <img decoding=\"async\" id=\"ctl00_cphContentArea_Property3_ctl00_ctl02_Image1\" class=\"Thumbnail\" src=\"https:\/\/www.greenpeace.ch\/static\/planet4-switzerland-stateless\/2019\/05\/61c4f6e9-61c4f6e9-walfangaktion.jpg\" alt=\"\" style=\"border-width:0px;\"><\/p>\n<p>        <\/a>\n    <\/div>\n<div class=\"events-content no-title\">\n        <span class=\"date\"><\/span><br \/>\n        <strong><\/strong><\/p>\n<p>\n            Greenpeace AktivistInnen protestieren vor der Japanischen Botschaft in Bern gegen die Inhaftierung zweier Greenpeace-Mitglieder, die vor kurzem einen japanischen Walfangskandal aufgedeckt hatten. \u00a9Greenpeace\/Ex-Press\/Tanja Demarmels\n        <\/p>\n<\/p>\n<\/div>\n<\/div>\n<p class=\"bodytext\">Z\u00fcrich\/Bern. <strong>Greenpeace-AktivstInnen haben heute vor der japanischen Botschaft in Bern gegen die Inhaftierung zweier Greenpeace-Mitglieder in Japan demonstriert. \u00c4hnliche Aktionen finden in vielen anderen L\u00e4ndern statt. Junichi Sato und Toru Suzuki sind unschuldig. Sie hatten vor kurzem den gr\u00f6ssten Skandal in der Geschichte des japanischen Walfangs aufgedeckt.\u00a0<\/strong><\/p>\n<p class=\"bodytext\">Ein grosses Banner mit den Worten \u00abStoppt Walf\u00e4nger &#8211; nicht Walsch\u00fctzer!\u00bb hat die japanische Botschaft in Bern heute dazu aufgerufen, den Protest in Japan zu melden und sich f\u00fcr die Freilassung der beiden Greenpeace-Mitarbeiter einzusetzen. Eine Forderung, die etwa 150&#8217;000 Menschen aus der ganzen Welt in den letzten f\u00fcnf Tagen mit einer Protest-Mail an die Regierung in Tokio unterst\u00fctzten. Gleichzeitig gab Greenpeace zuhanden des japanischen Botschafters Nobuyasu Abe das Greenpeace-Dossier zu dem im Mai aufgedeckten Walfleisch-Skandal in Japan ab .<\/p>\n<p class=\"bodytext\">Die vor einer Woche verhafteten japanischen Greenpeace-Mitarbeiter hatten der japanischen Staatsanwaltschaft Mitte Mai einen Karton mit Walfleisch \u00fcbergeben, das Mitglieder der japanischen Walfangflotte unterschlagen hatten und illegal auf eigene Rechnung verkaufen wollten. Bis zu 93 solcher mit Walfleisch gef\u00fcllten Kisten wurden von der Mannschaft der zu \u00abwissenschaftlichen\u00bb Zwecken ausgelaufenen Fangflotte als pers\u00f6nliches Gep\u00e4ck deklariert und heimlich von Bord geschafft. Durch ihr mutiges Vorgehen haben die beiden jetzt eingesperrten Greenpeace-Mitarbeiter die von der Internationalen Walfangkommission IWC nur zu wissenschaftlichen Zwecken erlaubten und mit japanischen Steuergeldern finanzierten Walt\u00f6tungen klar als kommerziellen Walfang entlarvt.<\/p>\n<p class=\"bodytext\"><a class=\"internal-link-arrow\" title=\"\u00d6ffnet einen internen Link im aktuellen Fenster\" href=\"\/switzerland\/Templates\/Planet3\/Pages\/de\/themen\/meer\/walfang\/walfleisch-skandal-greenpeace-aktivisten-verhaftet\/\" target=\"_self\" rel=\"noopener noreferrer\">Mehr zu der Festnahme<\/a><\/p>\n<p><a class=\"internal-link-arrow\" title=\"\u00d6ffnet einen internen Link im aktuellen Fenster\" href=\"\/switzerland\/Templates\/Planet3\/Pages\/de\/themen\/meer\/walfang\/walfleisch-skandal-greenpeace-aktivisten-verhaftet\/protestmail\/\" target=\"_self\" rel=\"noopener noreferrer\">Zum Protestmail<\/a><\/p>\n<p><a class=\"external-link-arrow\" title=\"\u00d6ffnet einen externen Link im aktuellen Fenster\" href=\"\/switzerland\/Templates\/Planet3\/Pages\/de\/presse\/pressemitteilungen\/meer\/meer-pressemitteilung-single-view\/archive\/2008\/june\/article\/greenpeace-protest-bei-japanischer-botschaft\/\" target=\"_self\" rel=\"noopener noreferrer\">Pressemeldung<\/a><\/p>\n<\/div>\n","protected":false},"excerpt":{"rendered":"<p>Lasst unsere japanischen Mitarbeiter frei! Greenpeace AktivistInnen protestieren vor der Japanischen Botschaft in Bern gegen die Inhaftierung zweier Greenpeace-Mitglieder, die vor kurzem einen japanischen Walfangskandal aufgedeckt hatten. \u00a9Greenpeace\/Ex-Press\/Tanja Demarmels Z\u00fcrich\/Bern.&hellip;<\/p>\n","protected":false},"author":23,"featured_media":17532,"comment_status":"closed","ping_status":"open","sticky":false,"template":"","format":"standard","meta":{"_acf_changed":false,"_planet4_optimize_post_is_variant":false,"_planet4_optimize_experiment_name":"","_planet4_optimize_variant_name":"","ep_exclude_from_search":false,"p4_og_title":"","p4_og_description":"","p4_og_image":"","p4_og_image_id":"","p4_seo_canonical_url":"","p4_campaign_name":"","p4_local_project":"","p4_basket_name":"","p4_department":"","footnotes":""},"categories":[1],"tags":[],"p4-page-type":[75],"gpch-article-type":[],"class_list":["post-17530","post","type-post","status-publish","format-standard","has-post-thumbnail","hentry","category-unkategorisiert","p4-page-type-story"],"acf":[],"_links":{"self":[{"href":"https:\/\/www.greenpeace.ch\/de\/wp-json\/wp\/v2\/posts\/17530","targetHints":{"allow":["GET"]}}],"collection":[{"href":"https:\/\/www.greenpeace.ch\/de\/wp-json\/wp\/v2\/posts"}],"about":[{"href":"https:\/\/www.greenpeace.ch\/de\/wp-json\/wp\/v2\/types\/post"}],"author":[{"embeddable":true,"href":"https:\/\/www.greenpeace.ch\/de\/wp-json\/wp\/v2\/users\/23"}],"replies":[{"embeddable":true,"href":"https:\/\/www.greenpeace.ch\/de\/wp-json\/wp\/v2\/comments?post=17530"}],"version-history":[{"count":0,"href":"https:\/\/www.greenpeace.ch\/de\/wp-json\/wp\/v2\/posts\/17530\/revisions"}],"wp:featuredmedia":[{"embeddable":true,"href":"https:\/\/www.greenpeace.ch\/de\/wp-json\/wp\/v2\/media\/17532"}],"wp:attachment":[{"href":"https:\/\/www.greenpeace.ch\/de\/wp-json\/wp\/v2\/media?parent=17530"}],"wp:term":[{"taxonomy":"category","embeddable":true,"href":"https:\/\/www.greenpeace.ch\/de\/wp-json\/wp\/v2\/categories?post=17530"},{"taxonomy":"post_tag","embeddable":true,"href":"https:\/\/www.greenpeace.ch\/de\/wp-json\/wp\/v2\/tags?post=17530"},{"taxonomy":"p4-page-type","embeddable":true,"href":"https:\/\/www.greenpeace.ch\/de\/wp-json\/wp\/v2\/p4-page-type?post=17530"},{"taxonomy":"gpch-article-type","embeddable":true,"href":"https:\/\/www.greenpeace.ch\/de\/wp-json\/wp\/v2\/gpch-article-type?post=17530"}],"curies":[{"name":"wp","href":"https:\/\/api.w.org\/{rel}","templated":true}]}}