{"id":17534,"date":"2008-06-23T00:00:00","date_gmt":"2008-06-22T22:00:00","guid":{"rendered":"https:\/\/master.greenpeace.ch\/beitrag\/17534\/franzoesischer-krisenreaktor-auch-in-der-schweiz-geplant-2\/"},"modified":"2022-03-31T12:41:36","modified_gmt":"2022-03-31T10:41:36","slug":"krisenreaktor-in-der-schweiz-geplant","status":"publish","type":"post","link":"https:\/\/www.greenpeace.ch\/de\/story\/17534\/krisenreaktor-in-der-schweiz-geplant\/","title":{"rendered":"Krisenreaktor in der Schweiz geplant?"},"content":{"rendered":"<p><b>Heute hat Greenpeace in Finnland und in Frankreich zwei Aktionen gestartet, um auf das Versagen der franz\u00f6sischen Atomindustrie hinzuweisen. Ein riesiger Zeppelin mit der Aufschrift \u00abAtomkraft \u2013 nein danke!\u00bb fliegt derzeit \u00fcber Olkiluoto (Finnland), wo seit 2005 am weltweit ersten European Pressurised Reactor (EPR) gebaut wird. In Frankreich blockieren Aktivisten drei Kieswerke, welche die Flamanville-Baustelle mit Baumaterial versorgen. Eine Schweizer Greenpeace-Recherche legt nahe, dass die Schweiz im Fall eines AKW-Neubaus mit genau diesem Reaktormodell franz\u00f6sischer Herkunft zu rechnen h\u00e4tte.<\/b><\/p>\n<div>\n<div class=\"events-box small-box left\">\n<div class=\"events-content no-title\">\n<p><span style=\"font-size: 1.125rem; color: initial; font-family: -apple-system, BlinkMacSystemFont, 'Segoe UI', Roboto, Oxygen-Sans, Ubuntu, Cantarell, 'Helvetica Neue', sans-serif; font-weight: var(--bs-body-font-weight); text-align: var(--bs-body-text-align);\">Z\u00fcrich. Der als \u00abFlaggschiff\u00bb der Atomindustrie angepriesene EPR floppte erst in Olkiluoto, dann beim zweiten Anlauf im franz\u00f6sischen Flamanville. H\u00f6chst beunruhigend also, dass sich gem\u00e4ss Greenpeace-Recherchen die Hinweise f\u00fcr folgende Vermutung verdichten: Der Stromkonzern Atel hatte beim Einreichen des Rahmenbewilligungsgesuches diesen Monat bereits den Reaktortypen EPR im Auge.<\/span><\/p>\n<\/div>\n<\/div>\n<\/div>\n","protected":false},"excerpt":{"rendered":"<p>Heute hat Greenpeace in Finnland und in Frankreich zwei Aktionen gestartet, um auf das Versagen der franz\u00f6sischen Atomindustrie hinzuweisen. Ein riesiger Zeppelin mit der Aufschrift \u00abAtomkraft \u2013 nein danke!\u00bb fliegt&hellip;<\/p>\n","protected":false},"author":23,"featured_media":17536,"comment_status":"closed","ping_status":"open","sticky":false,"template":"","format":"standard","meta":{"_acf_changed":false,"_planet4_optimize_post_is_variant":false,"_planet4_optimize_experiment_name":"","_planet4_optimize_variant_name":"","ep_exclude_from_search":false,"p4_og_title":"","p4_og_description":"","p4_og_image":"","p4_og_image_id":"","p4_seo_canonical_url":"","p4_campaign_name":"not set","p4_local_project":"not set","p4_basket_name":"not set","p4_department":"","footnotes":""},"categories":[1],"tags":[],"p4-page-type":[75],"gpch-article-type":[],"class_list":["post-17534","post","type-post","status-publish","format-standard","has-post-thumbnail","hentry","category-unkategorisiert","p4-page-type-story"],"acf":[],"_links":{"self":[{"href":"https:\/\/www.greenpeace.ch\/de\/wp-json\/wp\/v2\/posts\/17534","targetHints":{"allow":["GET"]}}],"collection":[{"href":"https:\/\/www.greenpeace.ch\/de\/wp-json\/wp\/v2\/posts"}],"about":[{"href":"https:\/\/www.greenpeace.ch\/de\/wp-json\/wp\/v2\/types\/post"}],"author":[{"embeddable":true,"href":"https:\/\/www.greenpeace.ch\/de\/wp-json\/wp\/v2\/users\/23"}],"replies":[{"embeddable":true,"href":"https:\/\/www.greenpeace.ch\/de\/wp-json\/wp\/v2\/comments?post=17534"}],"version-history":[{"count":0,"href":"https:\/\/www.greenpeace.ch\/de\/wp-json\/wp\/v2\/posts\/17534\/revisions"}],"wp:featuredmedia":[{"embeddable":true,"href":"https:\/\/www.greenpeace.ch\/de\/wp-json\/wp\/v2\/media\/17536"}],"wp:attachment":[{"href":"https:\/\/www.greenpeace.ch\/de\/wp-json\/wp\/v2\/media?parent=17534"}],"wp:term":[{"taxonomy":"category","embeddable":true,"href":"https:\/\/www.greenpeace.ch\/de\/wp-json\/wp\/v2\/categories?post=17534"},{"taxonomy":"post_tag","embeddable":true,"href":"https:\/\/www.greenpeace.ch\/de\/wp-json\/wp\/v2\/tags?post=17534"},{"taxonomy":"p4-page-type","embeddable":true,"href":"https:\/\/www.greenpeace.ch\/de\/wp-json\/wp\/v2\/p4-page-type?post=17534"},{"taxonomy":"gpch-article-type","embeddable":true,"href":"https:\/\/www.greenpeace.ch\/de\/wp-json\/wp\/v2\/gpch-article-type?post=17534"}],"curies":[{"name":"wp","href":"https:\/\/api.w.org\/{rel}","templated":true}]}}