{"id":17623,"date":"2008-05-20T00:00:00","date_gmt":"2008-05-19T22:00:00","guid":{"rendered":"https:\/\/master.greenpeace.ch\/beitrag\/17623\/island-nimmt-kommerziellen-walfang-wieder-auf\/"},"modified":"2019-05-30T14:03:33","modified_gmt":"2019-05-30T12:03:33","slug":"island-nimmt-kommerziellen-walfang-wieder-auf","status":"publish","type":"post","link":"https:\/\/www.greenpeace.ch\/de\/story\/17623\/island-nimmt-kommerziellen-walfang-wieder-auf\/","title":{"rendered":"Island nimmt kommerziellen Walfang wieder auf"},"content":{"rendered":"<p><b>Die isl\u00e4ndische Regierung hat erneut und ungeachtet internationaler  Kritik eine Fangquote von 40 Minkwalen f\u00fcr die derzeitige Jagdsaison festgelegt. Die ersten Walf\u00e4nger stachen bereits in See. Dies obwohl in Island schlicht kein Markt f\u00fcr Walfleisch besteht und das Fleisch wohl auf einer M\u00fcllhalde landen wird.<\/b><\/p>\n<div class=\"post-content\">\n<div>\n<p>Die isl\u00e4ndische Regierung hat erneut und ungeachtet internationaler  Kritik eine Fangquote von 40 Minkwalen f\u00fcr die derzeitige Jagdsaison festgelegt. Die ersten Walf\u00e4nger stachen bereits in See. Dies obwohl in Island schlicht kein Markt f\u00fcr Walfleisch besteht und das Fleisch wohl auf einer M\u00fcllhalde landen wird.<\/p>\n<p>Die Jagd gef\u00e4hrdet nicht nur den Bestand der Wale. Auch die isl\u00e4ndische Tourismusbranche und damit die Wirtschaft k\u00f6nnten gesch\u00e4digt werden.<\/p>\n<p>Die Entscheidung f\u00fcr die Aufnahme der Jagd ging von Fischereiminister Einar Gudfinnsson aus. Andere Mitglieder der Regierung distanzieren sich von dieser Entscheidung. Einer der immer noch nicht kapiert hat, dass mit Whale-Watching mehr zu holen ist als mit dem sinnlosen Abschlachten der Tiere.<\/p>\n<\/div>\n<\/div>\n","protected":false},"excerpt":{"rendered":"<p>Die isl\u00e4ndische Regierung hat erneut und ungeachtet internationaler Kritik eine Fangquote von 40 Minkwalen f\u00fcr die derzeitige Jagdsaison festgelegt. Die ersten Walf\u00e4nger stachen bereits in See. Dies obwohl in Island&hellip;<\/p>\n","protected":false},"author":23,"featured_media":0,"comment_status":"closed","ping_status":"open","sticky":false,"template":"","format":"standard","meta":{"_acf_changed":false,"_planet4_optimize_post_is_variant":false,"_planet4_optimize_experiment_name":"","_planet4_optimize_variant_name":"","ep_exclude_from_search":false,"p4_og_title":"","p4_og_description":"","p4_og_image":"","p4_og_image_id":"","p4_seo_canonical_url":"","p4_campaign_name":"","p4_local_project":"","p4_basket_name":"","p4_department":"","footnotes":""},"categories":[1],"tags":[],"p4-page-type":[75],"gpch-article-type":[],"class_list":["post-17623","post","type-post","status-publish","format-standard","hentry","category-unkategorisiert","p4-page-type-story"],"acf":[],"_links":{"self":[{"href":"https:\/\/www.greenpeace.ch\/de\/wp-json\/wp\/v2\/posts\/17623","targetHints":{"allow":["GET"]}}],"collection":[{"href":"https:\/\/www.greenpeace.ch\/de\/wp-json\/wp\/v2\/posts"}],"about":[{"href":"https:\/\/www.greenpeace.ch\/de\/wp-json\/wp\/v2\/types\/post"}],"author":[{"embeddable":true,"href":"https:\/\/www.greenpeace.ch\/de\/wp-json\/wp\/v2\/users\/23"}],"replies":[{"embeddable":true,"href":"https:\/\/www.greenpeace.ch\/de\/wp-json\/wp\/v2\/comments?post=17623"}],"version-history":[{"count":0,"href":"https:\/\/www.greenpeace.ch\/de\/wp-json\/wp\/v2\/posts\/17623\/revisions"}],"wp:attachment":[{"href":"https:\/\/www.greenpeace.ch\/de\/wp-json\/wp\/v2\/media?parent=17623"}],"wp:term":[{"taxonomy":"category","embeddable":true,"href":"https:\/\/www.greenpeace.ch\/de\/wp-json\/wp\/v2\/categories?post=17623"},{"taxonomy":"post_tag","embeddable":true,"href":"https:\/\/www.greenpeace.ch\/de\/wp-json\/wp\/v2\/tags?post=17623"},{"taxonomy":"p4-page-type","embeddable":true,"href":"https:\/\/www.greenpeace.ch\/de\/wp-json\/wp\/v2\/p4-page-type?post=17623"},{"taxonomy":"gpch-article-type","embeddable":true,"href":"https:\/\/www.greenpeace.ch\/de\/wp-json\/wp\/v2\/gpch-article-type?post=17623"}],"curies":[{"name":"wp","href":"https:\/\/api.w.org\/{rel}","templated":true}]}}