{"id":18473,"date":"2007-08-02T00:00:00","date_gmt":"2007-08-01T22:00:00","guid":{"rendered":"https:\/\/master.greenpeace.ch\/beitrag\/18473\/die-welt-der-medien\/"},"modified":"2019-05-30T14:30:03","modified_gmt":"2019-05-30T12:30:03","slug":"die-welt-der-medien","status":"publish","type":"post","link":"https:\/\/www.greenpeace.ch\/de\/story\/18473\/die-welt-der-medien\/","title":{"rendered":"Die Welt der Medien"},"content":{"rendered":"<p><b>Gleich zu Beginn: Ich bin nicht gegen die Medien muss manchmal aber einfach mit einem L\u00e4cheln staunen&#8230;.<\/b><\/p>\n<div class=\"post-content\">\n<div>\n<p>Gleich zu Beginn: Ich bin nicht gegen die Medien muss manchmal aber einfach mit einem L\u00e4cheln staunen&#8230;.<\/p>\n<p>Es ist ja manchmal schon verwunderlich und erstaunlich was man alles in den online-Medien lesen kann. Das Rad der Zeit muss schnell drehen, News m\u00fcssen generiert werden, und zwar schnell. Jedes Medium will als erstes und am fundiertesten berichten. Leider gelingt letzteres nicht immer allen.<\/p>\n<p>Wir wollen mit unserer Kunstinstallation keine Teilnahme-rekorde. Das spezielle ist doch, dass in den Installationen der Mensch ein Individum bleibt, im Endresultat &#8211; der Foto, in der Masse untergeht. Das Individum pr\u00e4gt zwar das Bild, ist aber als einzelnes nicht mehr klar erkennbar. Wenn nun Greenpeace ParlamentarierInnen anschreibt und einl\u00e4dt um mitzumachen, heisst dies nicht, dass wir allenfals teilnehmende ParlamentarierInnen besonders ins Bild r\u00fccken w\u00fcrden.<\/p>\n<\/div>\n<\/div>\n","protected":false},"excerpt":{"rendered":"<p>Gleich zu Beginn: Ich bin nicht gegen die Medien muss manchmal aber einfach mit einem L\u00e4cheln staunen&#8230;. Gleich zu Beginn: Ich bin nicht gegen die Medien muss manchmal aber einfach&hellip;<\/p>\n","protected":false},"author":23,"featured_media":0,"comment_status":"closed","ping_status":"open","sticky":false,"template":"","format":"standard","meta":{"_acf_changed":false,"_planet4_optimize_post_is_variant":false,"_planet4_optimize_experiment_name":"","_planet4_optimize_variant_name":"","ep_exclude_from_search":false,"p4_og_title":"","p4_og_description":"","p4_og_image":"","p4_og_image_id":"","p4_seo_canonical_url":"","p4_campaign_name":"","p4_local_project":"","p4_basket_name":"","p4_department":"","footnotes":""},"categories":[1],"tags":[],"p4-page-type":[75],"gpch-article-type":[],"class_list":["post-18473","post","type-post","status-publish","format-standard","hentry","category-unkategorisiert","p4-page-type-story"],"acf":[],"_links":{"self":[{"href":"https:\/\/www.greenpeace.ch\/de\/wp-json\/wp\/v2\/posts\/18473","targetHints":{"allow":["GET"]}}],"collection":[{"href":"https:\/\/www.greenpeace.ch\/de\/wp-json\/wp\/v2\/posts"}],"about":[{"href":"https:\/\/www.greenpeace.ch\/de\/wp-json\/wp\/v2\/types\/post"}],"author":[{"embeddable":true,"href":"https:\/\/www.greenpeace.ch\/de\/wp-json\/wp\/v2\/users\/23"}],"replies":[{"embeddable":true,"href":"https:\/\/www.greenpeace.ch\/de\/wp-json\/wp\/v2\/comments?post=18473"}],"version-history":[{"count":0,"href":"https:\/\/www.greenpeace.ch\/de\/wp-json\/wp\/v2\/posts\/18473\/revisions"}],"wp:attachment":[{"href":"https:\/\/www.greenpeace.ch\/de\/wp-json\/wp\/v2\/media?parent=18473"}],"wp:term":[{"taxonomy":"category","embeddable":true,"href":"https:\/\/www.greenpeace.ch\/de\/wp-json\/wp\/v2\/categories?post=18473"},{"taxonomy":"post_tag","embeddable":true,"href":"https:\/\/www.greenpeace.ch\/de\/wp-json\/wp\/v2\/tags?post=18473"},{"taxonomy":"p4-page-type","embeddable":true,"href":"https:\/\/www.greenpeace.ch\/de\/wp-json\/wp\/v2\/p4-page-type?post=18473"},{"taxonomy":"gpch-article-type","embeddable":true,"href":"https:\/\/www.greenpeace.ch\/de\/wp-json\/wp\/v2\/gpch-article-type?post=18473"}],"curies":[{"name":"wp","href":"https:\/\/api.w.org\/{rel}","templated":true}]}}