{"id":18659,"date":"2007-04-09T00:00:00","date_gmt":"2007-04-08T22:00:00","guid":{"rendered":"https:\/\/master.greenpeace.ch\/beitrag\/18659\/junge-stimmen-fuer-den-klimaschutz-gesucht-2\/"},"modified":"2019-05-30T14:34:43","modified_gmt":"2019-05-30T12:34:43","slug":"junge-stimmen-fuer-den-klimaschutz-gesucht-2","status":"publish","type":"post","link":"https:\/\/www.greenpeace.ch\/de\/story\/18659\/junge-stimmen-fuer-den-klimaschutz-gesucht-2\/","title":{"rendered":"Junge Stimmen f\u00fcr den Klimaschutz gesucht"},"content":{"rendered":"<p><b>Erwachsene von Morgen fordern Politiker zum Handeln auf<\/b><\/p>\n<div>\n<div class=\"events-box small-box left\">\n<div class=\"frame\">\n        <a class=\"open-img EnlargeImage\" href=\"https:\/\/www.greenpeace.ch\/static\/planet4-switzerland-stateless\/2019\/05\/ef5933a9-ef5933a9-pic17.jpg\" title=\"\"><br \/>\n            <img decoding=\"async\" id=\"ctl00_cphContentArea_Property3_ctl00_ctl02_Image1\" class=\"Thumbnail\" src=\"https:\/\/www.greenpeace.ch\/static\/planet4-switzerland-stateless\/2019\/05\/ef5933a9-ef5933a9-pic17.jpg\" alt=\"\" style=\"border-width:0px;\"><\/p>\n<p>        <\/a>\n    <\/div>\n<div class=\"events-content no-title\">\n        <span class=\"date\"><\/span><br \/>\n        <strong><\/strong><\/p>\n<p>\n            \u00a9 Adair \/ Greenpeace\n        <\/p>\n<\/p>\n<\/div>\n<\/div>\n<p class=\"bodytext\"><strong>Greenpeace gibt jungen Menschen eine Klima-Stimme und die M\u00f6glichkeit politische Entscheidungstr\u00e4gerInnen zum Klimaschutz aufzufordern. Auf der neuen Online-Plattform www.klimawahl.ch und auf der Strasse sammelt die Umweltorganisation Stimmen und W\u00fcnsche von Kindern und Jugendlichen zum Klimaschutz. Diese werden im Wahlkampf 2007 ausgew\u00e4hlten PolitikerInnen \u00fcbergeben, um Druck f\u00fcr eine starke Klimapolitik zu machen.<\/strong><\/p>\n<p class=\"bodytext\">Z\u00fcrich. Bereits hat Greenpeace viele Stimmen erhalten: \u00fcber 600 Filme, Fotos, Zeichnungen, SMS-Botschaften, klare Statements und sogar einen Rapsong &#8211; dokumentiert auf www.klimawahl.ch. Der Klimaschutz liegt diesen jungen Menschen am Herzen. Das zeigt: Die Erwachsenen von Morgen f\u00fchlen sich von der alten Garde im Bundeshaus offenbar nicht ernst genommen und fordern von ihnen Sofortmassnahmen f\u00fcr den Schutz des Klimas.<\/p>\n<ul class=\"action-items\">\n<li><a title=\"\u00d6ffnet einen externen Link in einem neuen Fenster\" href=\"http:\/\/www.klimawahl.ch\/\" target=\"kw\" rel=\"noopener noreferrer\">klimawahl.ch<\/a><\/li>\n<li><a title=\"\u00d6ffnet einen externen Link in einem neuen Fenster\" href=\"\/switzerland\/Templates\/Planet3\/Pages\/de\/presse\/pressemitteilungen\/klima\/klima-pressemitteilung-single-view\/article\/junge-stimmen-fuer-den-klimaschutz-gesucht\" target=\"_self\" rel=\"noopener noreferrer\">Pressemeldung<\/a><\/li>\n<li><a title=\"\u00d6ffnet einen externen Link in einem neuen Fenster\" href=\"http:\/\/www.greenpeace.de\/themen\/klima\/nachrichten\/artikel\/kein_weg_fuehrt_vor_bei_an_der_energierevolution\/\" target=\"gpde\" rel=\"noopener noreferrer\">Weltklimarat zeichnet d\u00fcsteres Zukunftsbild (greenpeace.de)<\/a><\/li>\n<\/ul>\n<\/div>\n","protected":false},"excerpt":{"rendered":"<p>Erwachsene von Morgen fordern Politiker zum Handeln auf \u00a9 Adair \/ Greenpeace Greenpeace gibt jungen Menschen eine Klima-Stimme und die M\u00f6glichkeit politische Entscheidungstr\u00e4gerInnen zum Klimaschutz aufzufordern. Auf der neuen Online-Plattform&hellip;<\/p>\n","protected":false},"author":23,"featured_media":18661,"comment_status":"closed","ping_status":"open","sticky":false,"template":"","format":"standard","meta":{"_acf_changed":false,"_planet4_optimize_post_is_variant":false,"_planet4_optimize_experiment_name":"","_planet4_optimize_variant_name":"","ep_exclude_from_search":false,"p4_og_title":"","p4_og_description":"","p4_og_image":"","p4_og_image_id":"","p4_seo_canonical_url":"","p4_campaign_name":"","p4_local_project":"","p4_basket_name":"","p4_department":"","footnotes":""},"categories":[1],"tags":[],"p4-page-type":[75],"gpch-article-type":[],"class_list":["post-18659","post","type-post","status-publish","format-standard","has-post-thumbnail","hentry","category-unkategorisiert","p4-page-type-story"],"acf":[],"_links":{"self":[{"href":"https:\/\/www.greenpeace.ch\/de\/wp-json\/wp\/v2\/posts\/18659","targetHints":{"allow":["GET"]}}],"collection":[{"href":"https:\/\/www.greenpeace.ch\/de\/wp-json\/wp\/v2\/posts"}],"about":[{"href":"https:\/\/www.greenpeace.ch\/de\/wp-json\/wp\/v2\/types\/post"}],"author":[{"embeddable":true,"href":"https:\/\/www.greenpeace.ch\/de\/wp-json\/wp\/v2\/users\/23"}],"replies":[{"embeddable":true,"href":"https:\/\/www.greenpeace.ch\/de\/wp-json\/wp\/v2\/comments?post=18659"}],"version-history":[{"count":0,"href":"https:\/\/www.greenpeace.ch\/de\/wp-json\/wp\/v2\/posts\/18659\/revisions"}],"wp:featuredmedia":[{"embeddable":true,"href":"https:\/\/www.greenpeace.ch\/de\/wp-json\/wp\/v2\/media\/18661"}],"wp:attachment":[{"href":"https:\/\/www.greenpeace.ch\/de\/wp-json\/wp\/v2\/media?parent=18659"}],"wp:term":[{"taxonomy":"category","embeddable":true,"href":"https:\/\/www.greenpeace.ch\/de\/wp-json\/wp\/v2\/categories?post=18659"},{"taxonomy":"post_tag","embeddable":true,"href":"https:\/\/www.greenpeace.ch\/de\/wp-json\/wp\/v2\/tags?post=18659"},{"taxonomy":"p4-page-type","embeddable":true,"href":"https:\/\/www.greenpeace.ch\/de\/wp-json\/wp\/v2\/p4-page-type?post=18659"},{"taxonomy":"gpch-article-type","embeddable":true,"href":"https:\/\/www.greenpeace.ch\/de\/wp-json\/wp\/v2\/gpch-article-type?post=18659"}],"curies":[{"name":"wp","href":"https:\/\/api.w.org\/{rel}","templated":true}]}}