{"id":18667,"date":"2007-03-21T00:00:00","date_gmt":"2007-03-20T22:00:00","guid":{"rendered":"https:\/\/master.greenpeace.ch\/beitrag\/18667\/protest-gegen-die-zerstoerung-einzigartiger-urwaelder-in-lappland\/"},"modified":"2019-05-30T14:34:55","modified_gmt":"2019-05-30T12:34:55","slug":"protest-gegen-die-zerstoerung-einzigartiger-urwaelder-in-lappland","status":"publish","type":"post","link":"https:\/\/www.greenpeace.ch\/de\/story\/18667\/protest-gegen-die-zerstoerung-einzigartiger-urwaelder-in-lappland\/","title":{"rendered":"Protest gegen die Zerst\u00f6rung einzigartiger Urw\u00e4lder in Lappland"},"content":{"rendered":"<p><b>Vierzig Greenpeace-Aktivisten aus verschiedenen europ\u00e4ischen L\u00e4ndern haben am Donnerstag in der nordfinnischen Stadt Kemi vor den Haupeing\u00e4ngen von Stora Enso und Botnia protestiert. Sie wenden sich damit gegen die Zerst\u00f6rung der Urw\u00e4lder Lapplands, die trotz vorhandener Alternativen noch immer zu Hochglanz-Papier, Verpackungsmaterial oder Kopierpapier verarbeitet werden. Der weltgr\u00f6\u00dfte Papierhersteller Stora Enso und Botnia, einer der gr\u00f6\u00dften Zellstoffhersteller Europas, sind Motor der Zerst\u00f6rung der einzigartigen Urw\u00e4lder im finnischen Teil Lapplands.<\/b><\/p>\n<div>\n<div class=\"events-box small-box left\">\n<div class=\"frame\">\n        <a class=\"open-img EnlargeImage\" href=\"https:\/\/www.greenpeace.ch\/static\/planet4-switzerland-stateless\/2019\/05\/eb3a2206-eb3a2206-pic23.jpg\" title=\"\"><br \/>\n            <img decoding=\"async\" id=\"ctl00_cphContentArea_Property3_ctl00_ctl02_Image1\" class=\"Thumbnail\" src=\"https:\/\/www.greenpeace.ch\/static\/planet4-switzerland-stateless\/2019\/05\/eb3a2206-eb3a2206-pic23.jpg\" alt=\"\" style=\"border-width:0px;\"><\/p>\n<p>        <\/a>\n    <\/div>\n<div class=\"events-content no-title\">\n        <span class=\"date\"><\/span><br \/>\n        <strong><\/strong><\/p>\n<p>\n            \u00a9 Pitk\u00e4nen \/ Greenpeace\n        <\/p>\n<\/p>\n<\/div>\n<\/div>\n<p class=\"bodytext\">Z\u00fcrich\/Kemi. Die GreenpeacerInnen entrollten Protestbanner mit der Forderung \u00abStop Ancient Forest Destruction\u00bb. Beide Fabriken werden per LKW st\u00e4ndig mit Holz aus der Urwaldzerst\u00f6rung beliefert. \u00abDen meisten Menschen ist nicht bewusst, dass sie beim Lesen eines Hochglanz-Magazins, beim Verschicken eines Briefes oder beim Kauf eines Druckers in Tausenden Jahren gewachsenen Urwald in Ihren H\u00e4nden halten,\u00bb sagt Oliver Salge, Waldexperte von Greenpeace. Stora Enso und M-real sollen endlich aufh\u00f6ren, Urw\u00e4lder zu zerst\u00f6ren.<\/p>\n<ul class=\"action-items\">\n<li><a title=\"\u00d6ffnet einen externen Link in einem neuen Fenster\" href=\"http:\/\/www.greenpeace.de\/themen\/waelder\/nachrichten\/artikel\/protest_gegen_die_zerstoerung_einzigartiger_urwaelder_in_lappland\/ansicht\/bild\/\" target=\"gpd\" rel=\"noopener noreferrer\">mehr zum Thema<\/a><\/li>\n<\/ul>\n<\/div>\n","protected":false},"excerpt":{"rendered":"<p>Vierzig Greenpeace-Aktivisten aus verschiedenen europ\u00e4ischen L\u00e4ndern haben am Donnerstag in der nordfinnischen Stadt Kemi vor den Haupeing\u00e4ngen von Stora Enso und Botnia protestiert. Sie wenden sich damit gegen die Zerst\u00f6rung&hellip;<\/p>\n","protected":false},"author":23,"featured_media":18669,"comment_status":"closed","ping_status":"open","sticky":false,"template":"","format":"standard","meta":{"_acf_changed":false,"_planet4_optimize_post_is_variant":false,"_planet4_optimize_experiment_name":"","_planet4_optimize_variant_name":"","ep_exclude_from_search":false,"p4_og_title":"","p4_og_description":"","p4_og_image":"","p4_og_image_id":"","p4_seo_canonical_url":"","p4_campaign_name":"","p4_local_project":"","p4_basket_name":"","p4_department":"","footnotes":""},"categories":[1],"tags":[],"p4-page-type":[75],"gpch-article-type":[],"class_list":["post-18667","post","type-post","status-publish","format-standard","has-post-thumbnail","hentry","category-unkategorisiert","p4-page-type-story"],"acf":[],"_links":{"self":[{"href":"https:\/\/www.greenpeace.ch\/de\/wp-json\/wp\/v2\/posts\/18667","targetHints":{"allow":["GET"]}}],"collection":[{"href":"https:\/\/www.greenpeace.ch\/de\/wp-json\/wp\/v2\/posts"}],"about":[{"href":"https:\/\/www.greenpeace.ch\/de\/wp-json\/wp\/v2\/types\/post"}],"author":[{"embeddable":true,"href":"https:\/\/www.greenpeace.ch\/de\/wp-json\/wp\/v2\/users\/23"}],"replies":[{"embeddable":true,"href":"https:\/\/www.greenpeace.ch\/de\/wp-json\/wp\/v2\/comments?post=18667"}],"version-history":[{"count":0,"href":"https:\/\/www.greenpeace.ch\/de\/wp-json\/wp\/v2\/posts\/18667\/revisions"}],"wp:featuredmedia":[{"embeddable":true,"href":"https:\/\/www.greenpeace.ch\/de\/wp-json\/wp\/v2\/media\/18669"}],"wp:attachment":[{"href":"https:\/\/www.greenpeace.ch\/de\/wp-json\/wp\/v2\/media?parent=18667"}],"wp:term":[{"taxonomy":"category","embeddable":true,"href":"https:\/\/www.greenpeace.ch\/de\/wp-json\/wp\/v2\/categories?post=18667"},{"taxonomy":"post_tag","embeddable":true,"href":"https:\/\/www.greenpeace.ch\/de\/wp-json\/wp\/v2\/tags?post=18667"},{"taxonomy":"p4-page-type","embeddable":true,"href":"https:\/\/www.greenpeace.ch\/de\/wp-json\/wp\/v2\/p4-page-type?post=18667"},{"taxonomy":"gpch-article-type","embeddable":true,"href":"https:\/\/www.greenpeace.ch\/de\/wp-json\/wp\/v2\/gpch-article-type?post=18667"}],"curies":[{"name":"wp","href":"https:\/\/api.w.org\/{rel}","templated":true}]}}