{"id":18683,"date":"2007-03-25T00:00:00","date_gmt":"2007-03-24T22:00:00","guid":{"rendered":"https:\/\/master.greenpeace.ch\/beitrag\/18683\/globaler-aufruf-gegen-patente-auf-saatgut-und-nutztiere\/"},"modified":"2019-05-30T14:35:17","modified_gmt":"2019-05-30T12:35:17","slug":"globaler-aufruf-gegen-patente-auf-saatgut-und-nutztiere","status":"publish","type":"post","link":"https:\/\/www.greenpeace.ch\/de\/story\/18683\/globaler-aufruf-gegen-patente-auf-saatgut-und-nutztiere\/","title":{"rendered":"Globaler Aufruf gegen Patente auf Saatgut und Nutztiere"},"content":{"rendered":"<p><b>Ein weltweites Verbot von Patenten auf Saatgut und Tieren fordert heute ein neues B\u00fcndnis aus Bauernverb\u00e4nden sowie Umwelt- und Entwicklungshilfeorganisationen. Landwirte geraten in zunehmende Abh\u00e4ngigkeit von Konzernen, die Patente auf Saatgut und Nutztiere besitzen. Das Europ\u00e4ische Patentamt (EPA) hat bereits hunderte Patente auf gentechnisch ver\u00e4nderte und herk\u00f6mmliche Pflanzen erteilt. Das EPA will nun dar\u00fcber entscheiden, ob die Z\u00fcchtung konventioneller Pflanzen generell patentierbar ist.<\/b><\/p>\n<div>\n<div class=\"events-box small-box left\">\n<div class=\"frame\">\n        <a class=\"open-img EnlargeImage\" href=\"https:\/\/www.greenpeace.ch\/static\/planet4-switzerland-stateless\/2019\/05\/2fe0a0d2-2fe0a0d2-pic22.jpg\" title=\"\"><br \/>\n            <img decoding=\"async\" id=\"ctl00_cphContentArea_Property3_ctl00_ctl01_Image1\" class=\"Thumbnail\" src=\"https:\/\/www.greenpeace.ch\/static\/planet4-switzerland-stateless\/2019\/05\/2fe0a0d2-2fe0a0d2-pic22.jpg\" alt=\"\" style=\"border-width:0px;\"><\/p>\n<p>        <\/a>\n    <\/div>\n<div class=\"events-content no-title\">\n        <span class=\"date\"><\/span><br \/>\n        <strong><\/strong><\/p>\n<p>\n            \u00a9 Greenpeace\n        <\/p>\n<\/p>\n<\/div>\n<\/div>\n<p class=\"bodytext\">Z\u00fcrich\/M\u00fcnchen. \u00abUnsere Tiere und unser Saatgut<br \/>\nsind das Ergebnis jahrhundertelanger Z\u00fcchtung der Landwirte,\u00bb sagt<br \/>\nKrishan Bir Chaudhary, Vorsitzender des indischen Bauernverbandes<br \/>\nBharat Krishak Samaj. \u00abDurch Patente enteignen multinationale<br \/>\nKonzerne die Kleinbauern in den Entwicklungsl\u00e4ndern.\u00bb<\/p>\n<p>Die folgenden Organisationen unterst\u00fctzen den Aufruf: Misereor,<br \/>\nSwissaid, Die Erkl\u00e4rung von Bern, Kein Patent auf Leben!,<br \/>\nGreenpeace und die Bauernverb\u00e4nde aus Italien (Coldiretti),<br \/>\nArgentinien (Federaci\u00f3n Agraria Argentina) und Indien (Bharat<br \/>\nKrishak Samaj)<\/p>\n<ul class=\"action-items\">\n<li><a href=\"http:\/\/www.no-patents-on-seeds.org\/\" title=\"\u00d6ffnet einen externen Link in einem neuen Fenster\" target=\"_blank\" rel=\"noopener noreferrer\">Website \u00abno patents on seeds\u00bb<\/a><\/li>\n<li><a href=\"http:\/\/www.greenpeace.de\/themen\/patente\/nachrichten\/artikel\/weltweites_verbot_von_patenten_auf_leben_gefordert\/\" title=\"\u00d6ffnet einen externen Link in einem neuen Fenster\" target=\"gpd\" rel=\"noopener noreferrer\">mehr zum Thema auf greenpeace.de<\/a><\/li>\n<\/ul>\n<\/div>\n","protected":false},"excerpt":{"rendered":"<p>Ein weltweites Verbot von Patenten auf Saatgut und Tieren fordert heute ein neues B\u00fcndnis aus Bauernverb\u00e4nden sowie Umwelt- und Entwicklungshilfeorganisationen. Landwirte geraten in zunehmende Abh\u00e4ngigkeit von Konzernen, die Patente auf&hellip;<\/p>\n","protected":false},"author":23,"featured_media":18685,"comment_status":"closed","ping_status":"open","sticky":false,"template":"","format":"standard","meta":{"_acf_changed":false,"_planet4_optimize_post_is_variant":false,"_planet4_optimize_experiment_name":"","_planet4_optimize_variant_name":"","ep_exclude_from_search":false,"p4_og_title":"","p4_og_description":"","p4_og_image":"","p4_og_image_id":"","p4_seo_canonical_url":"","p4_campaign_name":"","p4_local_project":"","p4_basket_name":"","p4_department":"","footnotes":""},"categories":[1],"tags":[],"p4-page-type":[75],"gpch-article-type":[],"class_list":["post-18683","post","type-post","status-publish","format-standard","has-post-thumbnail","hentry","category-unkategorisiert","p4-page-type-story"],"acf":[],"_links":{"self":[{"href":"https:\/\/www.greenpeace.ch\/de\/wp-json\/wp\/v2\/posts\/18683","targetHints":{"allow":["GET"]}}],"collection":[{"href":"https:\/\/www.greenpeace.ch\/de\/wp-json\/wp\/v2\/posts"}],"about":[{"href":"https:\/\/www.greenpeace.ch\/de\/wp-json\/wp\/v2\/types\/post"}],"author":[{"embeddable":true,"href":"https:\/\/www.greenpeace.ch\/de\/wp-json\/wp\/v2\/users\/23"}],"replies":[{"embeddable":true,"href":"https:\/\/www.greenpeace.ch\/de\/wp-json\/wp\/v2\/comments?post=18683"}],"version-history":[{"count":0,"href":"https:\/\/www.greenpeace.ch\/de\/wp-json\/wp\/v2\/posts\/18683\/revisions"}],"wp:featuredmedia":[{"embeddable":true,"href":"https:\/\/www.greenpeace.ch\/de\/wp-json\/wp\/v2\/media\/18685"}],"wp:attachment":[{"href":"https:\/\/www.greenpeace.ch\/de\/wp-json\/wp\/v2\/media?parent=18683"}],"wp:term":[{"taxonomy":"category","embeddable":true,"href":"https:\/\/www.greenpeace.ch\/de\/wp-json\/wp\/v2\/categories?post=18683"},{"taxonomy":"post_tag","embeddable":true,"href":"https:\/\/www.greenpeace.ch\/de\/wp-json\/wp\/v2\/tags?post=18683"},{"taxonomy":"p4-page-type","embeddable":true,"href":"https:\/\/www.greenpeace.ch\/de\/wp-json\/wp\/v2\/p4-page-type?post=18683"},{"taxonomy":"gpch-article-type","embeddable":true,"href":"https:\/\/www.greenpeace.ch\/de\/wp-json\/wp\/v2\/gpch-article-type?post=18683"}],"curies":[{"name":"wp","href":"https:\/\/api.w.org\/{rel}","templated":true}]}}