{"id":18687,"date":"2007-03-18T00:00:00","date_gmt":"2007-03-17T22:00:00","guid":{"rendered":"https:\/\/master.greenpeace.ch\/beitrag\/18687\/sos-weltmeer-die-meere-danken\/"},"modified":"2019-05-30T14:35:23","modified_gmt":"2019-05-30T12:35:23","slug":"sos-weltmeer-die-meere-danken","status":"publish","type":"post","link":"https:\/\/www.greenpeace.ch\/de\/story\/18687\/sos-weltmeer-die-meere-danken\/","title":{"rendered":"SOS Weltmeer &#8211; Die Meere danken!"},"content":{"rendered":"<p><b>Wir m\u00f6chten allen ein grosses Dankesch\u00f6n aussprechen, die aus Sympathie f\u00fcr Greenpeace unserer Meerkampagne grossz\u00fcgig entgegengekommen sind oder uns ihre Dienstleistung sogar geschenkt haben! Die Expedition \u00abSOS Weltmeer\u00bb zum Schutz der Meere, die gr\u00f6sste Expedition, die Greenpeace je unternommen hat, ging Ende Februar 2007 zu Ende.<\/b><\/p>\n<div>\n<div class=\"events-box small-box left\">\n<div class=\"frame\">\n        <a class=\"open-img EnlargeImage\" href=\"https:\/\/www.greenpeace.ch\/static\/planet4-switzerland-stateless\/2019\/05\/53261577-53261577-pic24.jpg\" title=\"\"><br \/>\n            <img decoding=\"async\" id=\"ctl00_cphContentArea_Property3_ctl00_ctl01_Image1\" class=\"Thumbnail\" src=\"https:\/\/www.greenpeace.ch\/static\/planet4-switzerland-stateless\/2019\/05\/53261577-53261577-pic24.jpg\" alt=\"\" style=\"border-width:0px;\"><\/p>\n<p>        <\/a>\n    <\/div>\n<div class=\"events-content no-title\">\n        <span class=\"date\"><\/span><br \/>\n        <strong><\/strong><\/p>\n<p>\n            \u00a9 Greenpeace\n        <\/p>\n<\/p>\n<\/div>\n<\/div>\n<p class=\"bodytext\">Z\u00fcrich. Die Greenpeace-Schiffe werden weiterhin<br \/>\ndie Weltmeere durchfahren und auf Umweltverbrechen aufmerksam<br \/>\nmachen. Die \u00abEsperanza\u00bb macht nun in Tokio die japanische<br \/>\nBev\u00f6lkerung auf den Walfang des Landes aufmerksam. Denn diese hat<br \/>\nsich in Umfragen klar gegen das sinnlose T\u00f6ten der Wale<br \/>\nausgesprochen. Wir lieben Japan, aber der Walfang bricht uns das<br \/>\nHerz.<\/p>\n<ul class=\"action-items\">\n<li><a href=\"http:\/\/info.greenpeace.ch\/de\/arten\/index\" title=\"\u00d6ffnet einen externen Link in einem neuen Fenster\" target=\"_blank\" rel=\"noopener noreferrer\">Die Tour in Bildern<\/a><\/li>\n<\/ul>\n<\/div>\n","protected":false},"excerpt":{"rendered":"<p>Wir m\u00f6chten allen ein grosses Dankesch\u00f6n aussprechen, die aus Sympathie f\u00fcr Greenpeace unserer Meerkampagne grossz\u00fcgig entgegengekommen sind oder uns ihre Dienstleistung sogar geschenkt haben! Die Expedition \u00abSOS Weltmeer\u00bb zum Schutz&hellip;<\/p>\n","protected":false},"author":23,"featured_media":18689,"comment_status":"closed","ping_status":"open","sticky":false,"template":"","format":"standard","meta":{"_acf_changed":false,"_planet4_optimize_post_is_variant":false,"_planet4_optimize_experiment_name":"","_planet4_optimize_variant_name":"","ep_exclude_from_search":false,"p4_og_title":"","p4_og_description":"","p4_og_image":"","p4_og_image_id":"","p4_seo_canonical_url":"","p4_campaign_name":"","p4_local_project":"","p4_basket_name":"","p4_department":"","footnotes":""},"categories":[1],"tags":[],"p4-page-type":[75],"gpch-article-type":[],"class_list":["post-18687","post","type-post","status-publish","format-standard","has-post-thumbnail","hentry","category-unkategorisiert","p4-page-type-story"],"acf":[],"_links":{"self":[{"href":"https:\/\/www.greenpeace.ch\/de\/wp-json\/wp\/v2\/posts\/18687","targetHints":{"allow":["GET"]}}],"collection":[{"href":"https:\/\/www.greenpeace.ch\/de\/wp-json\/wp\/v2\/posts"}],"about":[{"href":"https:\/\/www.greenpeace.ch\/de\/wp-json\/wp\/v2\/types\/post"}],"author":[{"embeddable":true,"href":"https:\/\/www.greenpeace.ch\/de\/wp-json\/wp\/v2\/users\/23"}],"replies":[{"embeddable":true,"href":"https:\/\/www.greenpeace.ch\/de\/wp-json\/wp\/v2\/comments?post=18687"}],"version-history":[{"count":0,"href":"https:\/\/www.greenpeace.ch\/de\/wp-json\/wp\/v2\/posts\/18687\/revisions"}],"wp:featuredmedia":[{"embeddable":true,"href":"https:\/\/www.greenpeace.ch\/de\/wp-json\/wp\/v2\/media\/18689"}],"wp:attachment":[{"href":"https:\/\/www.greenpeace.ch\/de\/wp-json\/wp\/v2\/media?parent=18687"}],"wp:term":[{"taxonomy":"category","embeddable":true,"href":"https:\/\/www.greenpeace.ch\/de\/wp-json\/wp\/v2\/categories?post=18687"},{"taxonomy":"post_tag","embeddable":true,"href":"https:\/\/www.greenpeace.ch\/de\/wp-json\/wp\/v2\/tags?post=18687"},{"taxonomy":"p4-page-type","embeddable":true,"href":"https:\/\/www.greenpeace.ch\/de\/wp-json\/wp\/v2\/p4-page-type?post=18687"},{"taxonomy":"gpch-article-type","embeddable":true,"href":"https:\/\/www.greenpeace.ch\/de\/wp-json\/wp\/v2\/gpch-article-type?post=18687"}],"curies":[{"name":"wp","href":"https:\/\/api.w.org\/{rel}","templated":true}]}}