{"id":18703,"date":"2007-03-15T00:00:00","date_gmt":"2007-03-14T22:00:00","guid":{"rendered":"https:\/\/master.greenpeace.ch\/beitrag\/18703\/antwort-des-bundesamtes-fuer-umwelt-auf-die-eingabe-anspruch-auf-gesunde-luft-ist-unbefriedigend\/"},"modified":"2019-05-30T14:35:46","modified_gmt":"2019-05-30T12:35:46","slug":"antwort-des-bundesamtes-fuer-umwelt-auf-die-eingabe-anspruch-auf-gesunde-luft-ist-unbefriedigend","status":"publish","type":"post","link":"https:\/\/www.greenpeace.ch\/de\/story\/18703\/antwort-des-bundesamtes-fuer-umwelt-auf-die-eingabe-anspruch-auf-gesunde-luft-ist-unbefriedigend\/","title":{"rendered":"Antwort des Bundesamtes f\u00fcr Umwelt auf die Eingabe \u00abAnspruch auf gesunde Luft\u00bb ist unbefriedigend"},"content":{"rendered":"<p><b>Greenpeace ist entt\u00e4uscht, dass der in der Eingabe angesprochene Bundesrat es nicht f\u00fcr n\u00f6tig erachtet, selbst auf die Anliegen der Betroffenen einzugehen. Ein weiteres Zeichen daf\u00fcr, dass er die Problematik nicht mit der n\u00f6tigen Ernsthaftigkeit verfolgt. Ein anderes ist beispielsweise der immer noch ausstehende Entscheid \u00fcber die obligatorische Einf\u00fchrung des Dieselpartikelfilters, der auf Anfang Jahr angek\u00fcndigt war.<\/b><\/p>\n<div>\n<div class=\"events-box small-box left\">\n<div class=\"frame\">\n        <a class=\"open-img EnlargeImage\" href=\"https:\/\/www.greenpeace.ch\/static\/planet4-switzerland-stateless\/2019\/05\/b1f126ce-b1f126ce-pic25.jpg\" title=\"\"><br \/>\n            <img decoding=\"async\" id=\"ctl00_cphContentArea_Property3_ctl00_ctl02_Image1\" class=\"Thumbnail\" src=\"https:\/\/www.greenpeace.ch\/static\/planet4-switzerland-stateless\/2019\/05\/b1f126ce-b1f126ce-pic25.jpg\" alt=\"\" style=\"border-width:0px;\"><\/p>\n<p>        <\/a>\n    <\/div>\n<div class=\"events-content no-title\">\n        <span class=\"date\"><\/span><br \/>\n        <strong><\/strong><\/p>\n<p>\n            \u00a9 Grasser \/ Greenpeace\n        <\/p>\n<\/p>\n<\/div>\n<\/div>\n<p class=\"bodytext\">Die Antwort des Bundesamtes f\u00fcr Umwelt (Bafu) befriedigt nicht. Nachdem die gesetzlichen Grundlagen schon seit \u00fcber 20 Jahren bestehen und trotz Fortschritten die gesundheitsrelevanten Grenzwerte bis heute noch l\u00e4ngst nicht erreicht sind, braucht es ein beherzteres Vorw\u00e4rtsgehen. Die Aussage, dass die gesundheitsrelevanten Imissionsgrenzwerte in &#8211; nicht definierter &#8211; Zukunft erreicht werden sollen, gen\u00fcgt den Klagenden und Greenpeace nicht.<\/p>\n<p class=\"bodytext\">Insbesondere wird im Brief des Bafu auch nicht darauf eingegangen, ob Betroffenen \u00fcberhaupt ein Recht auf gute Luft einger\u00e4umt wird. Hierzu erwartet Greenpeace weiterhin eine Stellungnahme.Greenpeace wird n\u00e4chste Woche das Bafu-Schreiben mit den Betroffenen und dem zust\u00e4ndigen Anwalt im Detail pr\u00fcfen und die n\u00e4chsten Schritte festlegen.<\/p>\n<p class=\"bodytext\"><strong>Kontakt:<\/strong><\/p>\n<p>Cyrill Studer, Verkehrskampagne Greenpeace 079 786 33 28<\/p>\n<p>Greenpeace Medienabteilung 044 447 41 11<\/p>\n<\/div>\n","protected":false},"excerpt":{"rendered":"<p>Greenpeace ist entt\u00e4uscht, dass der in der Eingabe angesprochene Bundesrat es nicht f\u00fcr n\u00f6tig erachtet, selbst auf die Anliegen der Betroffenen einzugehen. Ein weiteres Zeichen daf\u00fcr, dass er die Problematik&hellip;<\/p>\n","protected":false},"author":23,"featured_media":18705,"comment_status":"closed","ping_status":"open","sticky":false,"template":"","format":"standard","meta":{"_acf_changed":false,"_planet4_optimize_post_is_variant":false,"_planet4_optimize_experiment_name":"","_planet4_optimize_variant_name":"","ep_exclude_from_search":false,"p4_og_title":"","p4_og_description":"","p4_og_image":"","p4_og_image_id":"","p4_seo_canonical_url":"","p4_campaign_name":"","p4_local_project":"","p4_basket_name":"","p4_department":"","footnotes":""},"categories":[1],"tags":[],"p4-page-type":[75],"gpch-article-type":[],"class_list":["post-18703","post","type-post","status-publish","format-standard","has-post-thumbnail","hentry","category-unkategorisiert","p4-page-type-story"],"acf":[],"_links":{"self":[{"href":"https:\/\/www.greenpeace.ch\/de\/wp-json\/wp\/v2\/posts\/18703","targetHints":{"allow":["GET"]}}],"collection":[{"href":"https:\/\/www.greenpeace.ch\/de\/wp-json\/wp\/v2\/posts"}],"about":[{"href":"https:\/\/www.greenpeace.ch\/de\/wp-json\/wp\/v2\/types\/post"}],"author":[{"embeddable":true,"href":"https:\/\/www.greenpeace.ch\/de\/wp-json\/wp\/v2\/users\/23"}],"replies":[{"embeddable":true,"href":"https:\/\/www.greenpeace.ch\/de\/wp-json\/wp\/v2\/comments?post=18703"}],"version-history":[{"count":0,"href":"https:\/\/www.greenpeace.ch\/de\/wp-json\/wp\/v2\/posts\/18703\/revisions"}],"wp:featuredmedia":[{"embeddable":true,"href":"https:\/\/www.greenpeace.ch\/de\/wp-json\/wp\/v2\/media\/18705"}],"wp:attachment":[{"href":"https:\/\/www.greenpeace.ch\/de\/wp-json\/wp\/v2\/media?parent=18703"}],"wp:term":[{"taxonomy":"category","embeddable":true,"href":"https:\/\/www.greenpeace.ch\/de\/wp-json\/wp\/v2\/categories?post=18703"},{"taxonomy":"post_tag","embeddable":true,"href":"https:\/\/www.greenpeace.ch\/de\/wp-json\/wp\/v2\/tags?post=18703"},{"taxonomy":"p4-page-type","embeddable":true,"href":"https:\/\/www.greenpeace.ch\/de\/wp-json\/wp\/v2\/p4-page-type?post=18703"},{"taxonomy":"gpch-article-type","embeddable":true,"href":"https:\/\/www.greenpeace.ch\/de\/wp-json\/wp\/v2\/gpch-article-type?post=18703"}],"curies":[{"name":"wp","href":"https:\/\/api.w.org\/{rel}","templated":true}]}}