{"id":18707,"date":"2007-02-26T00:00:00","date_gmt":"2007-02-25T22:00:00","guid":{"rendered":"https:\/\/master.greenpeace.ch\/beitrag\/18707\/illegale-abholzung-im-kongo\/"},"modified":"2019-05-30T14:35:52","modified_gmt":"2019-05-30T12:35:52","slug":"illegale-abholzung-im-kongo","status":"publish","type":"post","link":"https:\/\/www.greenpeace.ch\/de\/story\/18707\/illegale-abholzung-im-kongo\/","title":{"rendered":"Illegale Abholzung im Kongo"},"content":{"rendered":"<p><b>Das afrikanische Kongobecken beherbergt den zweitgr\u00f6ssten Urwald der Welt. Seit gestern findet in Br\u00fcssel eine Konferenz zum Thema \u00abnachhaltiges Management der W\u00e4lder in der demokratischen Republik Kongo (DRK)\u00bb statt. Zu diesem Anlass legt Greenpeace neue Fakten auf den Tisch, die das Ausmass der verbrecherischen Ausbeutung der Urw\u00e4lder im Kongo belegen.<\/b><\/p>\n<div>\n<div class=\"events-box small-box left\">\n<div class=\"frame\">\n        <a class=\"open-img EnlargeImage\" href=\"https:\/\/www.greenpeace.ch\/static\/planet4-switzerland-stateless\/2019\/05\/014212bc-014212bc-pic33.jpg\" title=\"\"><br \/>\n            <img decoding=\"async\" id=\"ctl00_cphContentArea_Property3_ctl00_ctl02_Image1\" class=\"Thumbnail\" src=\"https:\/\/www.greenpeace.ch\/static\/planet4-switzerland-stateless\/2019\/05\/014212bc-014212bc-pic33.jpg\" alt=\"\" style=\"border-width:0px;\"><\/p>\n<p>        <\/a>\n    <\/div>\n<div class=\"events-content no-title\">\n        <span class=\"date\"><\/span><br \/>\n        <strong><\/strong><\/p>\n<p>\n            \u00a9 Kate Davison \/ Greenpeace\n        <\/p>\n<\/p>\n<\/div>\n<\/div>\n<p class=\"bodytext\">Z\u00fcrich. Im Jahr 2002 hat die kongolesische Regierung ein Moratorium in Kraft gesetzt, das die Vergabe, Ausweitung und Erneuerung von Konzessionen f\u00fcr Holzschlag verbietet. Obwohl der kongolesische Pr\u00e4sident das Moratorium per Dekret nochmals best\u00e4tigte, wird es weitgehend ignoriert. Rund 21 Millionen Hektaren an unber\u00fchrten W\u00e4ldern fallen der Holzindustrie zum Opfer &#8211; illegal. Greenpeace fordert die DRK, die Weltbank und weitere Stakeholder auf, jetzt aktiv zu werden, um die Ausbreitung der Holzschlag-Industrie in den kongolesischen Urw\u00e4ldern zu stoppen und Alternativen zu entwickeln.<\/p>\n<ul class=\"action-items\">\n<li><a title=\"\u00d6ffnet einen internen Link im aktuellen Fenster\" href=\"\/switzerland\/Templates\/Planet3\/Pages\/de\/themen\/wald\/\" target=\"_self\" rel=\"noopener noreferrer\">Schatzkammer der Erde und bedrohtes Paradies<\/a><\/li>\n<li><a title=\"\u00d6ffnet einen externen Link in einem neuen Fenster\" href=\"http:\/\/www.greenpeace.org\/international\/news\/illegal-carve-up-260207\" target=\"gpi\" rel=\"noopener noreferrer\">Mehr zum Thema bei Greenpeace International (Engl.)<\/a><\/li>\n<\/ul>\n<\/div>\n","protected":false},"excerpt":{"rendered":"<p>Das afrikanische Kongobecken beherbergt den zweitgr\u00f6ssten Urwald der Welt. Seit gestern findet in Br\u00fcssel eine Konferenz zum Thema \u00abnachhaltiges Management der W\u00e4lder in der demokratischen Republik Kongo (DRK)\u00bb statt. Zu&hellip;<\/p>\n","protected":false},"author":23,"featured_media":18709,"comment_status":"closed","ping_status":"open","sticky":false,"template":"","format":"standard","meta":{"_acf_changed":false,"_planet4_optimize_post_is_variant":false,"_planet4_optimize_experiment_name":"","_planet4_optimize_variant_name":"","ep_exclude_from_search":false,"p4_og_title":"","p4_og_description":"","p4_og_image":"","p4_og_image_id":"","p4_seo_canonical_url":"","p4_campaign_name":"","p4_local_project":"","p4_basket_name":"","p4_department":"","footnotes":""},"categories":[1],"tags":[],"p4-page-type":[75],"gpch-article-type":[],"class_list":["post-18707","post","type-post","status-publish","format-standard","has-post-thumbnail","hentry","category-unkategorisiert","p4-page-type-story"],"acf":[],"_links":{"self":[{"href":"https:\/\/www.greenpeace.ch\/de\/wp-json\/wp\/v2\/posts\/18707","targetHints":{"allow":["GET"]}}],"collection":[{"href":"https:\/\/www.greenpeace.ch\/de\/wp-json\/wp\/v2\/posts"}],"about":[{"href":"https:\/\/www.greenpeace.ch\/de\/wp-json\/wp\/v2\/types\/post"}],"author":[{"embeddable":true,"href":"https:\/\/www.greenpeace.ch\/de\/wp-json\/wp\/v2\/users\/23"}],"replies":[{"embeddable":true,"href":"https:\/\/www.greenpeace.ch\/de\/wp-json\/wp\/v2\/comments?post=18707"}],"version-history":[{"count":0,"href":"https:\/\/www.greenpeace.ch\/de\/wp-json\/wp\/v2\/posts\/18707\/revisions"}],"wp:featuredmedia":[{"embeddable":true,"href":"https:\/\/www.greenpeace.ch\/de\/wp-json\/wp\/v2\/media\/18709"}],"wp:attachment":[{"href":"https:\/\/www.greenpeace.ch\/de\/wp-json\/wp\/v2\/media?parent=18707"}],"wp:term":[{"taxonomy":"category","embeddable":true,"href":"https:\/\/www.greenpeace.ch\/de\/wp-json\/wp\/v2\/categories?post=18707"},{"taxonomy":"post_tag","embeddable":true,"href":"https:\/\/www.greenpeace.ch\/de\/wp-json\/wp\/v2\/tags?post=18707"},{"taxonomy":"p4-page-type","embeddable":true,"href":"https:\/\/www.greenpeace.ch\/de\/wp-json\/wp\/v2\/p4-page-type?post=18707"},{"taxonomy":"gpch-article-type","embeddable":true,"href":"https:\/\/www.greenpeace.ch\/de\/wp-json\/wp\/v2\/gpch-article-type?post=18707"}],"curies":[{"name":"wp","href":"https:\/\/api.w.org\/{rel}","templated":true}]}}