{"id":18715,"date":"2007-02-26T00:00:00","date_gmt":"2007-02-25T22:00:00","guid":{"rendered":"https:\/\/master.greenpeace.ch\/beitrag\/18715\/greenpeace-begleitet-walfaenger-aus-ihren-fanggruenden\/"},"modified":"2019-05-30T14:36:02","modified_gmt":"2019-05-30T12:36:02","slug":"greenpeace-begleitet-walfaenger-aus-ihren-fanggruenden","status":"publish","type":"post","link":"https:\/\/www.greenpeace.ch\/de\/story\/18715\/greenpeace-begleitet-walfaenger-aus-ihren-fanggruenden\/","title":{"rendered":"Greenpeace begleitet Walf\u00e4nger aus ihren Fanggr\u00fcnden"},"content":{"rendered":"<p><b>Das Greenpeace-Schiff \u00abEsperanza\u00bb hat heute die japanische Walfangflotte aus den antarktischen Gew\u00e4ssern eskortiert. Kurz danach gab der japanische TV-Sender NHK bekannt, dass die Walfang-Saison beendet sei und die Schiffe nach Japan zur\u00fcckkehren w\u00fcrden. Greenpeace fordert Japan auf, den Walfang f\u00fcr immer einzustellen. Die internationale Gemeinschaft muss den Walschutz am n\u00e4chsten Treffen der Walfangkommission IWC vom Mai in Alaska auch auf die Kleinwale ausbauen und die IWC zu einer Walschutzorganisation erkl\u00e4ren.<\/b><\/p>\n<div>\n<div class=\"events-box small-box left\">\n<div class=\"frame\">\n        <a class=\"open-img EnlargeImage\" href=\"https:\/\/www.greenpeace.ch\/static\/planet4-switzerland-stateless\/2019\/05\/d1f529e6-d1f529e6-pic31.jpg\" title=\"\"><br \/>\n            <img decoding=\"async\" id=\"ctl00_cphContentArea_Property3_ctl00_ctl01_Image1\" class=\"Thumbnail\" src=\"https:\/\/www.greenpeace.ch\/static\/planet4-switzerland-stateless\/2019\/05\/d1f529e6-d1f529e6-pic31.jpg\" alt=\"\" style=\"border-width:0px;\"><\/p>\n<p>        <\/a>\n    <\/div>\n<div class=\"events-content no-title\">\n        <span class=\"date\"><\/span><br \/>\n        <strong><\/strong><\/p>\n<p>\n            \u00a9 Daniel Beltra \/ Greenpeace\n        <\/p>\n<\/p>\n<\/div>\n<\/div>\n<p class=\"bodytext\">Z\u00fcrich. Die \u00abEsperanza\u00bb wird nun in Australien<br \/>\nerwartet, wo sie eine lange Expedition beendet. Ihre Crew hat<br \/>\nw\u00e4hrend der letzten 14 Monate \u00fcber den Zustand der Weltmeere<br \/>\nberichtet. Sie hat protestiert, dokumentiert, politisiert und<br \/>\nverhandelt. Unter anderem konnten in der japanischen Walfang-Saison<br \/>\nvor \u00fcber einem Jahr 82 Wale vor dem Tod durch die Harpune gerettet<br \/>\nwerden. Zudem mussten die Walf\u00e4nger ihre Jagd zeitweise<br \/>\neinstellen.<\/p>\n<\/div>\n","protected":false},"excerpt":{"rendered":"<p>Das Greenpeace-Schiff \u00abEsperanza\u00bb hat heute die japanische Walfangflotte aus den antarktischen Gew\u00e4ssern eskortiert. Kurz danach gab der japanische TV-Sender NHK bekannt, dass die Walfang-Saison beendet sei und die Schiffe nach&hellip;<\/p>\n","protected":false},"author":23,"featured_media":18717,"comment_status":"closed","ping_status":"open","sticky":false,"template":"","format":"standard","meta":{"_acf_changed":false,"_planet4_optimize_post_is_variant":false,"_planet4_optimize_experiment_name":"","_planet4_optimize_variant_name":"","ep_exclude_from_search":false,"p4_og_title":"","p4_og_description":"","p4_og_image":"","p4_og_image_id":"","p4_seo_canonical_url":"","p4_campaign_name":"","p4_local_project":"","p4_basket_name":"","p4_department":"","footnotes":""},"categories":[1],"tags":[],"p4-page-type":[75],"gpch-article-type":[],"class_list":["post-18715","post","type-post","status-publish","format-standard","has-post-thumbnail","hentry","category-unkategorisiert","p4-page-type-story"],"acf":[],"_links":{"self":[{"href":"https:\/\/www.greenpeace.ch\/de\/wp-json\/wp\/v2\/posts\/18715","targetHints":{"allow":["GET"]}}],"collection":[{"href":"https:\/\/www.greenpeace.ch\/de\/wp-json\/wp\/v2\/posts"}],"about":[{"href":"https:\/\/www.greenpeace.ch\/de\/wp-json\/wp\/v2\/types\/post"}],"author":[{"embeddable":true,"href":"https:\/\/www.greenpeace.ch\/de\/wp-json\/wp\/v2\/users\/23"}],"replies":[{"embeddable":true,"href":"https:\/\/www.greenpeace.ch\/de\/wp-json\/wp\/v2\/comments?post=18715"}],"version-history":[{"count":0,"href":"https:\/\/www.greenpeace.ch\/de\/wp-json\/wp\/v2\/posts\/18715\/revisions"}],"wp:featuredmedia":[{"embeddable":true,"href":"https:\/\/www.greenpeace.ch\/de\/wp-json\/wp\/v2\/media\/18717"}],"wp:attachment":[{"href":"https:\/\/www.greenpeace.ch\/de\/wp-json\/wp\/v2\/media?parent=18715"}],"wp:term":[{"taxonomy":"category","embeddable":true,"href":"https:\/\/www.greenpeace.ch\/de\/wp-json\/wp\/v2\/categories?post=18715"},{"taxonomy":"post_tag","embeddable":true,"href":"https:\/\/www.greenpeace.ch\/de\/wp-json\/wp\/v2\/tags?post=18715"},{"taxonomy":"p4-page-type","embeddable":true,"href":"https:\/\/www.greenpeace.ch\/de\/wp-json\/wp\/v2\/p4-page-type?post=18715"},{"taxonomy":"gpch-article-type","embeddable":true,"href":"https:\/\/www.greenpeace.ch\/de\/wp-json\/wp\/v2\/gpch-article-type?post=18715"}],"curies":[{"name":"wp","href":"https:\/\/api.w.org\/{rel}","templated":true}]}}