{"id":18731,"date":"2007-02-21T00:00:00","date_gmt":"2007-02-20T22:00:00","guid":{"rendered":"https:\/\/master.greenpeace.ch\/beitrag\/18731\/walfangflotte-soll-antarktis-sofort-verlassen\/"},"modified":"2019-05-30T14:36:26","modified_gmt":"2019-05-30T12:36:26","slug":"walfangflotte-soll-antarktis-sofort-verlassen","status":"publish","type":"post","link":"https:\/\/www.greenpeace.ch\/de\/story\/18731\/walfangflotte-soll-antarktis-sofort-verlassen\/","title":{"rendered":"Walfangflotte soll Antarktis sofort verlassen"},"content":{"rendered":"<p><b>Schweiz muss als Antarktis-Sch\u00fctzerin Druck auf Japan machen<\/b><\/p>\n<div>\n<div class=\"events-box small-box left\">\n<div class=\"frame\">\n        <a class=\"open-img EnlargeImage\" href=\"https:\/\/www.greenpeace.ch\/static\/planet4-switzerland-stateless\/2019\/05\/07ae458f-07ae458f-pic36.jpg\" title=\"\"><br \/>\n            <img decoding=\"async\" id=\"ctl00_cphContentArea_Property3_ctl00_ctl01_Image1\" class=\"Thumbnail\" src=\"https:\/\/www.greenpeace.ch\/static\/planet4-switzerland-stateless\/2019\/05\/07ae458f-07ae458f-pic36.jpg\" alt=\"\" style=\"border-width:0px;\"><\/p>\n<p>        <\/a>\n    <\/div>\n<div class=\"events-content no-title\">\n        <span class=\"date\"><\/span><br \/>\n        <strong><\/strong><\/p>\n<p>\n            \u00a9 Greenpeace\n        <\/p>\n<\/p>\n<\/div>\n<\/div>\n<p class=\"bodytext\"><strong>Die Schweiz hat 1990 den<br \/>\nAntarktis-Vertrag ratifiziert. Greenpeace Schweiz erinnerte das EDA<br \/>\ndeshalb an seine Pflichten und forderte es auf, der japanischen<br \/>\nRegierung die Bedeutung der Antarktis und ihrer Tierwelt klar zu<br \/>\nmachen. Tokio muss das Fabrikschiff \u00abNisshin Maru\u00bb sowie die ganze<br \/>\nWalfangflotte sofort aus der Antarktis abziehen. Greenpeace bot<br \/>\nmehrfach an, das besch\u00e4digte Mutterschiff abzuschleppen. Das<br \/>\nGreenpeace-Schiff \u00abMY Esperanza\u00bb ist seit dem Wochenende in<br \/>\nunmittelbarer N\u00e4he. Japan lehnte bisher aber jede Hilfe<br \/>\nab.<\/strong><\/p>\n<p class=\"bodytext\">Z\u00fcrich\/Bern. Kein einziges Schiff der<br \/>\njapanischen Walfangflotte ist in der Eisklasse aufgelistet. Das<br \/>\nheisst, dass sie nicht f\u00fcr eine Fahrt durch Packeis geeignet sind.<br \/>\nZudem ist das Auftanken im Weltpark Antarktis gem\u00e4ss Seerecht nicht<br \/>\nerlaubt. Es ist skandal\u00f6s, dass Japan das Risiko einer<br \/>\nUmweltkatastrophe in Kauf nimmt. Diese Flotte schlachtet Jahr f\u00fcr<br \/>\nJahr im Walschutzgebiet nicht nur knapp tausend Wale ab, sie ist<br \/>\ngleichzeitig eine tickende Zeitbombe f\u00fcr den unber\u00fchrten Lebensraum<br \/>\nAntarktis!<\/p>\n<p class=\"bodytext\">Die Schiffe befinden sich in der Ross-See, in<br \/>\nder sich derzeit die Eisschollen immer mehr in Richtung der<br \/>\nWalf\u00e4nger ausbreiten. Dies k\u00f6nnte zu einer riesigen \u00d6l- und<br \/>\nChemiekatastrophe f\u00fchren und unter anderem eine nahe gelegene<br \/>\nKolonie der seltenen Adelie-Pinguine bedrohen. Greenpeace fordert<br \/>\nJapan auf, seine Schiffe umgehend aus der Antarktis abzuziehen.<\/p>\n<ul class=\"action-items\">\n<li><a href=\"http:\/\/www.greenpeace.de\/themen\/meere\/nachrichten\/artikel\/nisshin_maru_fuers_suedpolarmeer_ungeeignet\/\" title=\"\u00d6ffnet einen externen Link in einem neuen Fenster\" target=\"gpd\" rel=\"noopener noreferrer\">Nisshin Maru f\u00fcrs S\u00fcdpolarmeer ungeeignet<\/a><\/li>\n<li><a href=\"http:\/\/www.greenpeace.de\/themen\/meere\/kampagnen\/sos_weltmeer\/tour\/artikel\/zurueck_im_suedpolarmeer\/\" title=\"\u00d6ffnet einen externen Link in einem neuen Fenster\" target=\"gpd\" rel=\"noopener noreferrer\">Unterwegs gegen Walf\u00e4nger: Regine Frerichs berichtet<br \/>\nt\u00e4glich von der \u00abEsperanza\u00bb<\/a><\/li>\n<li><a href=\"http:\/\/oceans.greenpeace.org\/de\/\" title=\"\u00d6ffnet einen externen Link in einem neuen Fenster\" target=\"gpi\" rel=\"noopener noreferrer\"><span class=\"linkliste\">                 <\/span><\/a><a href=\"http:\/\/www.typo3.greenpeace.namics.com\/?id=\" target=\"gpi\" class=\"normal\" rel=\"noopener noreferrer\">mehr zum Thema<\/a><\/li>\n<\/ul>\n<\/div>\n","protected":false},"excerpt":{"rendered":"<p>Schweiz muss als Antarktis-Sch\u00fctzerin Druck auf Japan machen \u00a9 Greenpeace Die Schweiz hat 1990 den Antarktis-Vertrag ratifiziert. Greenpeace Schweiz erinnerte das EDA deshalb an seine Pflichten und forderte es auf,&hellip;<\/p>\n","protected":false},"author":23,"featured_media":18733,"comment_status":"closed","ping_status":"open","sticky":false,"template":"","format":"standard","meta":{"_acf_changed":false,"_planet4_optimize_post_is_variant":false,"_planet4_optimize_experiment_name":"","_planet4_optimize_variant_name":"","ep_exclude_from_search":false,"p4_og_title":"","p4_og_description":"","p4_og_image":"","p4_og_image_id":"","p4_seo_canonical_url":"","p4_campaign_name":"","p4_local_project":"","p4_basket_name":"","p4_department":"","footnotes":""},"categories":[1],"tags":[],"p4-page-type":[75],"gpch-article-type":[],"class_list":["post-18731","post","type-post","status-publish","format-standard","has-post-thumbnail","hentry","category-unkategorisiert","p4-page-type-story"],"acf":[],"_links":{"self":[{"href":"https:\/\/www.greenpeace.ch\/de\/wp-json\/wp\/v2\/posts\/18731","targetHints":{"allow":["GET"]}}],"collection":[{"href":"https:\/\/www.greenpeace.ch\/de\/wp-json\/wp\/v2\/posts"}],"about":[{"href":"https:\/\/www.greenpeace.ch\/de\/wp-json\/wp\/v2\/types\/post"}],"author":[{"embeddable":true,"href":"https:\/\/www.greenpeace.ch\/de\/wp-json\/wp\/v2\/users\/23"}],"replies":[{"embeddable":true,"href":"https:\/\/www.greenpeace.ch\/de\/wp-json\/wp\/v2\/comments?post=18731"}],"version-history":[{"count":0,"href":"https:\/\/www.greenpeace.ch\/de\/wp-json\/wp\/v2\/posts\/18731\/revisions"}],"wp:featuredmedia":[{"embeddable":true,"href":"https:\/\/www.greenpeace.ch\/de\/wp-json\/wp\/v2\/media\/18733"}],"wp:attachment":[{"href":"https:\/\/www.greenpeace.ch\/de\/wp-json\/wp\/v2\/media?parent=18731"}],"wp:term":[{"taxonomy":"category","embeddable":true,"href":"https:\/\/www.greenpeace.ch\/de\/wp-json\/wp\/v2\/categories?post=18731"},{"taxonomy":"post_tag","embeddable":true,"href":"https:\/\/www.greenpeace.ch\/de\/wp-json\/wp\/v2\/tags?post=18731"},{"taxonomy":"p4-page-type","embeddable":true,"href":"https:\/\/www.greenpeace.ch\/de\/wp-json\/wp\/v2\/p4-page-type?post=18731"},{"taxonomy":"gpch-article-type","embeddable":true,"href":"https:\/\/www.greenpeace.ch\/de\/wp-json\/wp\/v2\/gpch-article-type?post=18731"}],"curies":[{"name":"wp","href":"https:\/\/api.w.org\/{rel}","templated":true}]}}